{"id":107391,"date":"2024-05-17T13:25:13","date_gmt":"2024-05-17T08:25:13","guid":{"rendered":"https:\/\/zamanturkmenistan.com.tm\/?p=107391"},"modified":"2024-05-17T13:25:13","modified_gmt":"2024-05-17T08:25:13","slug":"niderlandlaryn-duzumi-belli-boldy","status":"publish","type":"post","link":"https:\/\/zamanturkmenistan.com.tm\/?p=107391","title":{"rendered":"Niderlandlary\u0148 d\u00fcz\u00fcmi belli boldy"},"content":{"rendered":"<p>\u00ddewropa \u00e7empionatynda \u00abD\u00bb topar\u00e7ada Fransi\u00fdadyr Awstri\u00fdany\u0148 hem-de Pol\u015fany\u0148 \u00fdygyndylary bilen \u00e7yky\u015f etjek Niderlandlary\u0148 d\u00fcz\u00fcmi belli boldy. T\u00e4lim\u00e7i Ronald Kuman d\u00fcz\u00fcme h\u00e4zirlik\u00e7e 30 futbol\u00e7y \u00e7agyryp, olary\u0148 4-si \u00e7empionatdan \u00f6\u0148 sanawdan \u00e7ykarylar. Ronald Kuman d\u00fcz\u00fcme \u015fu m\u00f6ws\u00fcm \u00abBolon\u00fdany\u0148\u00bb d\u00fcz\u00fcminde \u015fowly o\u00fdun g\u00f6rkezen \u00fda\u015f futbol\u00e7y Jo\u015fua Zirkzeeni almady. Botman, \u00ddurrien Timber, Stiwen Berguis \u00fdaly o\u00fdun\u00e7ylar hem d\u00fcrli seb\u00e4plerden d\u00fcz\u00fcme \u00e7agyrylmady.<\/p>\n<p>Kuman de Ligt, wan De\u00fdk, Ake, Frimpong, Matsen, De \u00ddong, Gakpo, We\u00fdnaldum, Simons, Malen, Kopme\u00fdners, Re\u00fdnders, Depa\u00fd, Wegorst \u00fdaly o\u00fdun\u00e7ylary d\u00fcz\u00fcme go\u015fdy.<\/p>\n<p>DERWEZE\u00c7ILER<\/p>\n<p>Bart Werbr\u00fduggen (\u00abBra\u00fdton\u00bb), Mark Flekken (\u00abBrentford\u00bb), \u00ddustin Be\u00fdlo (\u00abFe\u00fdenoord\u00bb), Nik Ole\u00fd (\u00abSparta Rotterdam\u00bb);<\/p>\n<p>GORAG\u00c7YLAR<\/p>\n<p>Matte\u00fds de Ligt (\u00abBawari\u00fda\u00bb), Wirjil wan De\u00fdk (\u00abLiwerpul\u00bb), Natan Ake (\u00abMan\u00e7ester Siti\u00bb), Jeremi Frimpong (\u00abBa\u00fder\u00bb), De\u00fdli Blind (\u00ab\u017dirona\u00bb), Stefan de Wre\u00fd (\u00abInter\u00bb), Lutsharel Gertr\u00fdu\u00fdda (\u00abFe\u00fdenoord\u00bb), Denzel Dumfris (\u00abInter\u00bb), Ian Matsen (\u00abBorussi\u00fda Dortmund\u00bb), Mikki wan de Wen (\u00abTottenhem\u00bb);<\/p>\n<p>\u00ddARYMGORAG\u00c7YLAR<\/p>\n<p>Jorjino We\u00fdnaldum (\u00abAl-Ittifak\u00bb), Marten de Ron (\u00abAtalanta\u00bb), Kodi Gakpo (\u00abLiwerpul\u00bb), Frenki de \u00ddong (\u00abBarselona\u00bb), Hawi Simons (\u00abLeipsig\u00bb), \u00dderdi Shauten (PSW), Te\u00fdani Re\u00fdnders (\u00abMilan\u00bb), Doniell Malen (\u00abBorussi\u00fda Dortmund\u00bb), Ten Kopme\u00fdners (\u00abAtalanta\u00bb), Kwinten Timber (\u00abFe\u00fdenoord\u00bb), Stewen Bergwe\u00fdn (\u00abA\u00fdaks\u00bb), Ra\u00fdan Grawenberh (\u00abLiwerpul\u00bb), \u00ddoe\u00fd Werman (PSW);<\/p>\n<p>H\u00dcJ\u00dcM\u00c7ILER<\/p>\n<p>Memfis Depa\u00fd (\u00abAtletiko\u00bb), Waut Wegorst (\u00abHoffenha\u00fdm\u00bb), Bra\u00fdan Brobbi (\u00abA\u00fdaks\u00bb).<\/p>\n","protected":false},"excerpt":{"rendered":"<p>\u00ddewropa \u00e7empionatynda \u00abD\u00bb topar\u00e7ada Fransi\u00fdadyr Awstri\u00fdany\u0148 hem-de Pol\u015fany\u0148 \u00fdygyndylary bilen \u00e7yky\u015f etjek Niderlandlary\u0148 d\u00fcz\u00fcmi belli boldy. T\u00e4lim\u00e7i Ronald Kuman d\u00fcz\u00fcme h\u00e4zirlik\u00e7e 30 futbol\u00e7y \u00e7agyryp, olary\u0148 4-si \u00e7empionatdan \u00f6\u0148 sanawdan \u00e7ykarylar. Ronald Kuman d\u00fcz\u00fcme \u015fu m\u00f6ws\u00fcm \u00abBolon\u00fdany\u0148\u00bb d\u00fcz\u00fcminde \u015fowly o\u00fdun g\u00f6rkezen \u00fda\u015f futbol\u00e7y Jo\u015fua Zirkzeeni almady. Botman, \u00ddurrien Timber, Stiwen Berguis \u00fdaly o\u00fdun\u00e7ylar hem d\u00fcrli seb\u00e4plerden [&hellip;]<\/p>\n","protected":false},"author":2,"featured_media":107392,"comment_status":"open","ping_status":"closed","sticky":false,"template":"","format":"standard","meta":{"footnotes":""},"categories":[8381],"tags":[3617,9435,1263,1146,857,7325],"acf":[],"_links":{"self":[{"href":"https:\/\/zamanturkmenistan.com.tm\/index.php?rest_route=\/wp\/v2\/posts\/107391"}],"collection":[{"href":"https:\/\/zamanturkmenistan.com.tm\/index.php?rest_route=\/wp\/v2\/posts"}],"about":[{"href":"https:\/\/zamanturkmenistan.com.tm\/index.php?rest_route=\/wp\/v2\/types\/post"}],"author":[{"embeddable":true,"href":"https:\/\/zamanturkmenistan.com.tm\/index.php?rest_route=\/wp\/v2\/users\/2"}],"replies":[{"embeddable":true,"href":"https:\/\/zamanturkmenistan.com.tm\/index.php?rest_route=%2Fwp%2Fv2%2Fcomments&post=107391"}],"version-history":[{"count":1,"href":"https:\/\/zamanturkmenistan.com.tm\/index.php?rest_route=\/wp\/v2\/posts\/107391\/revisions"}],"predecessor-version":[{"id":107393,"href":"https:\/\/zamanturkmenistan.com.tm\/index.php?rest_route=\/wp\/v2\/posts\/107391\/revisions\/107393"}],"wp:featuredmedia":[{"embeddable":true,"href":"https:\/\/zamanturkmenistan.com.tm\/index.php?rest_route=\/wp\/v2\/media\/107392"}],"wp:attachment":[{"href":"https:\/\/zamanturkmenistan.com.tm\/index.php?rest_route=%2Fwp%2Fv2%2Fmedia&parent=107391"}],"wp:term":[{"taxonomy":"category","embeddable":true,"href":"https:\/\/zamanturkmenistan.com.tm\/index.php?rest_route=%2Fwp%2Fv2%2Fcategories&post=107391"},{"taxonomy":"post_tag","embeddable":true,"href":"https:\/\/zamanturkmenistan.com.tm\/index.php?rest_route=%2Fwp%2Fv2%2Ftags&post=107391"}],"curies":[{"name":"wp","href":"https:\/\/api.w.org\/{rel}","templated":true}]}}