{"id":107679,"date":"2024-05-21T18:48:09","date_gmt":"2024-05-21T13:48:09","guid":{"rendered":"https:\/\/zamanturkmenistan.com.tm\/?p=107679"},"modified":"2024-05-21T18:48:09","modified_gmt":"2024-05-21T13:48:09","slug":"latwiyanyn-ilcisi-bilen-dususyk-gecirildi","status":"publish","type":"post","link":"https:\/\/zamanturkmenistan.com.tm\/?p=107679","title":{"rendered":"Latwi\u00fdany\u0148 Il\u00e7isi bilen du\u015fu\u015fyk ge\u00e7irildi"},"content":{"rendered":"<p>21-nji ma\u00fdda T\u00fcrkmenistany\u0148 Da\u015fary i\u015fler ministrliginde T\u00fcrkmenistany\u0148 Da\u015fary i\u015fler ministrini\u0148 orunbasary Ahmet Gurbanow bilen Latwi\u00fdany\u0148 T\u00fcrkmenistandaky Adatdan da\u015fary we Doly ygty\u00fdarly Il\u00e7isi (otur\u00fdan \u00fderi Da\u015fkent \u015f.) Re\u00fdnis Trok\u015fany\u0148 arasynda du\u015fu\u015fyk ge\u00e7irildi.<br \/>\nGeple\u015fikleri\u0148 bar\u015fynda taraplar sy\u00fdasy, s\u00f6wda-ykdysady we medeni-ynsanperwer ulgamlarynda T\u00fcrkmenistan bilen Latwi\u00fdany\u0148 arasyndaky hyzmatda\u015flygy\u0148 h\u00e4zirki \u00fdagda\u00fdyna we mundan be\u00fdl\u00e4k hem \u00f6sd\u00fcrmegi\u0148 geljegine garadylar. Halkara g\u00fcn tertibini\u0148 birn\u00e4\u00e7e m\u00f6h\u00fcm meseleleri bo\u00fdun\u00e7a hem pikir al\u015fyldy.<br \/>\n\u00d6zara hyzmatda\u015flygy\u0148 ileri tutul\u00fdan ugurlary h\u00f6km\u00fcnde ykdysady we durmu\u015f pudaklary g\u00f6rkezildi, hususan-da ikitarapla\u00fdyn Ykdysady, senagat we ylmy-tehniki hyzmatda\u015flyk bo\u00fdun\u00e7a h\u00f6k\u00fcmetara toparyny\u0148 nobatdaky mejlisini ge\u00e7irmegi\u0148, \u00f6zara i\u015f saparlaryny hem-de Medeni\u00fdet g\u00fcnlerini guramagy\u0148, \u015fe\u00fdle hem bilim ulgamynda hyzmatda\u015flygy i\u015fje\u0148le\u015fdirmegi\u0148 m\u00fcmkin\u00e7ilikleri ara alnyp maslahatla\u015fyldy.<\/p>\n","protected":false},"excerpt":{"rendered":"<p>21-nji ma\u00fdda T\u00fcrkmenistany\u0148 Da\u015fary i\u015fler ministrliginde T\u00fcrkmenistany\u0148 Da\u015fary i\u015fler ministrini\u0148 orunbasary Ahmet Gurbanow bilen Latwi\u00fdany\u0148 T\u00fcrkmenistandaky Adatdan da\u015fary we Doly ygty\u00fdarly Il\u00e7isi (otur\u00fdan \u00fderi Da\u015fkent \u015f.) Re\u00fdnis Trok\u015fany\u0148 arasynda du\u015fu\u015fyk ge\u00e7irildi. Geple\u015fikleri\u0148 bar\u015fynda taraplar sy\u00fdasy, s\u00f6wda-ykdysady we medeni-ynsanperwer ulgamlarynda T\u00fcrkmenistan bilen Latwi\u00fdany\u0148 arasyndaky hyzmatda\u015flygy\u0148 h\u00e4zirki \u00fdagda\u00fdyna we mundan be\u00fdl\u00e4k hem \u00f6sd\u00fcrmegi\u0148 geljegine garadylar. Halkara g\u00fcn [&hellip;]<\/p>\n","protected":false},"author":2,"featured_media":107680,"comment_status":"open","ping_status":"closed","sticky":false,"template":"","format":"standard","meta":{"footnotes":""},"categories":[3],"tags":[],"acf":[],"_links":{"self":[{"href":"https:\/\/zamanturkmenistan.com.tm\/index.php?rest_route=\/wp\/v2\/posts\/107679"}],"collection":[{"href":"https:\/\/zamanturkmenistan.com.tm\/index.php?rest_route=\/wp\/v2\/posts"}],"about":[{"href":"https:\/\/zamanturkmenistan.com.tm\/index.php?rest_route=\/wp\/v2\/types\/post"}],"author":[{"embeddable":true,"href":"https:\/\/zamanturkmenistan.com.tm\/index.php?rest_route=\/wp\/v2\/users\/2"}],"replies":[{"embeddable":true,"href":"https:\/\/zamanturkmenistan.com.tm\/index.php?rest_route=%2Fwp%2Fv2%2Fcomments&post=107679"}],"version-history":[{"count":1,"href":"https:\/\/zamanturkmenistan.com.tm\/index.php?rest_route=\/wp\/v2\/posts\/107679\/revisions"}],"predecessor-version":[{"id":107681,"href":"https:\/\/zamanturkmenistan.com.tm\/index.php?rest_route=\/wp\/v2\/posts\/107679\/revisions\/107681"}],"wp:featuredmedia":[{"embeddable":true,"href":"https:\/\/zamanturkmenistan.com.tm\/index.php?rest_route=\/wp\/v2\/media\/107680"}],"wp:attachment":[{"href":"https:\/\/zamanturkmenistan.com.tm\/index.php?rest_route=%2Fwp%2Fv2%2Fmedia&parent=107679"}],"wp:term":[{"taxonomy":"category","embeddable":true,"href":"https:\/\/zamanturkmenistan.com.tm\/index.php?rest_route=%2Fwp%2Fv2%2Fcategories&post=107679"},{"taxonomy":"post_tag","embeddable":true,"href":"https:\/\/zamanturkmenistan.com.tm\/index.php?rest_route=%2Fwp%2Fv2%2Ftags&post=107679"}],"curies":[{"name":"wp","href":"https:\/\/api.w.org\/{rel}","templated":true}]}}