{"id":107696,"date":"2024-05-21T18:58:21","date_gmt":"2024-05-21T13:58:21","guid":{"rendered":"https:\/\/zamanturkmenistan.com.tm\/?p=107696"},"modified":"2024-05-21T18:58:21","modified_gmt":"2024-05-21T13:58:21","slug":"turkmenistanyn-dasary-isler-ministri-eyranyn-ilcihanasynda-hatyra-kitabyna-yazgy-galdyrdy","status":"publish","type":"post","link":"https:\/\/zamanturkmenistan.com.tm\/?p=107696","title":{"rendered":"T\u00fcrkmenistany\u0148 da\u015fary i\u015fler ministri E\u00fdrany\u0148 il\u00e7ihanasynda hatyra kitabyna \u00fdazgy galdyrdy"},"content":{"rendered":"<p>T\u00fcrkmenistany\u0148 Prezidenti Serdar Berdimuhamedowy\u0148 tab\u015fyrygy bilen da\u015fary i\u015fler ministri Ra\u015fid Meredow 2024-nji \u00fdyly\u0148 21-nji ma\u00fdynda E\u00fdran Yslam Respublikasyny\u0148 A\u015fgabatdaky il\u00e7ihanasyna baryp, bu \u00fderde E\u00fdran Yslam Respublikasyny\u0148 Prezidenti Sa\u00fded Ebrahim Raisi we da\u015fary i\u015fler ministri Hose\u00fdin Amir Abdollahiany\u0148 hem-de be\u00fdleki resmi adamlary\u0148 diku\u00e7ar hel\u00e4k\u00e7iliginde aradan \u00e7ykmagy zerarly ge\u00e7irilen \u00fdas \u00e7\u00e4resine gatna\u015fdy.<br \/>\nIl\u00e7ihanany\u0148 kabul edi\u015flik zalynda Ra\u015fid Meredow il\u00e7ihanada d\u00f6redilen hatyra kitabynda T\u00fcrkmenistany\u0148 H\u00f6k\u00fcmetini\u0148 we halkyny\u0148 adyndan \u00fdazgy galdyryp, onda aradan \u00e7ykanlary\u0148 garynda\u015flaryna we \u00fdakynlaryna, \u015fe\u00fdle hem tutu\u015f E\u00fdrany\u0148 halkyna \u00e7u\u0148\u0148ur gynanjyny bildirdi.<\/p>\n","protected":false},"excerpt":{"rendered":"<p>T\u00fcrkmenistany\u0148 Prezidenti Serdar Berdimuhamedowy\u0148 tab\u015fyrygy bilen da\u015fary i\u015fler ministri Ra\u015fid Meredow 2024-nji \u00fdyly\u0148 21-nji ma\u00fdynda E\u00fdran Yslam Respublikasyny\u0148 A\u015fgabatdaky il\u00e7ihanasyna baryp, bu \u00fderde E\u00fdran Yslam Respublikasyny\u0148 Prezidenti Sa\u00fded Ebrahim Raisi we da\u015fary i\u015fler ministri Hose\u00fdin Amir Abdollahiany\u0148 hem-de be\u00fdleki resmi adamlary\u0148 diku\u00e7ar hel\u00e4k\u00e7iliginde aradan \u00e7ykmagy zerarly ge\u00e7irilen \u00fdas \u00e7\u00e4resine gatna\u015fdy. Il\u00e7ihanany\u0148 kabul edi\u015flik zalynda Ra\u015fid [&hellip;]<\/p>\n","protected":false},"author":2,"featured_media":107697,"comment_status":"open","ping_status":"closed","sticky":false,"template":"","format":"standard","meta":{"footnotes":""},"categories":[3],"tags":[],"acf":[],"_links":{"self":[{"href":"https:\/\/zamanturkmenistan.com.tm\/index.php?rest_route=\/wp\/v2\/posts\/107696"}],"collection":[{"href":"https:\/\/zamanturkmenistan.com.tm\/index.php?rest_route=\/wp\/v2\/posts"}],"about":[{"href":"https:\/\/zamanturkmenistan.com.tm\/index.php?rest_route=\/wp\/v2\/types\/post"}],"author":[{"embeddable":true,"href":"https:\/\/zamanturkmenistan.com.tm\/index.php?rest_route=\/wp\/v2\/users\/2"}],"replies":[{"embeddable":true,"href":"https:\/\/zamanturkmenistan.com.tm\/index.php?rest_route=%2Fwp%2Fv2%2Fcomments&post=107696"}],"version-history":[{"count":1,"href":"https:\/\/zamanturkmenistan.com.tm\/index.php?rest_route=\/wp\/v2\/posts\/107696\/revisions"}],"predecessor-version":[{"id":107698,"href":"https:\/\/zamanturkmenistan.com.tm\/index.php?rest_route=\/wp\/v2\/posts\/107696\/revisions\/107698"}],"wp:featuredmedia":[{"embeddable":true,"href":"https:\/\/zamanturkmenistan.com.tm\/index.php?rest_route=\/wp\/v2\/media\/107697"}],"wp:attachment":[{"href":"https:\/\/zamanturkmenistan.com.tm\/index.php?rest_route=%2Fwp%2Fv2%2Fmedia&parent=107696"}],"wp:term":[{"taxonomy":"category","embeddable":true,"href":"https:\/\/zamanturkmenistan.com.tm\/index.php?rest_route=%2Fwp%2Fv2%2Fcategories&post=107696"},{"taxonomy":"post_tag","embeddable":true,"href":"https:\/\/zamanturkmenistan.com.tm\/index.php?rest_route=%2Fwp%2Fv2%2Ftags&post=107696"}],"curies":[{"name":"wp","href":"https:\/\/api.w.org\/{rel}","templated":true}]}}