{"id":108167,"date":"2024-05-27T12:12:43","date_gmt":"2024-05-27T07:12:43","guid":{"rendered":"https:\/\/zamanturkmenistan.com.tm\/?p=108167"},"modified":"2024-05-27T16:17:36","modified_gmt":"2024-05-27T11:17:36","slug":"4-5-nji-iyunynda-turkmen-awstriya-bilelikdaki-toparynyn-mejlisi-geciriler","status":"publish","type":"post","link":"https:\/\/zamanturkmenistan.com.tm\/?p=108167","title":{"rendered":"4-5-nji i\u00fdunda t\u00fcrkmen-awstri\u00fda bilelikd\u00e4ki toparyny\u0148 mejlisi ge\u00e7iriler"},"content":{"rendered":"<p>24-nji ma\u00fdda ge\u00e7irilen Ministrler Kabinetini\u0148 mejlisinde Ministrler Kabinetini\u0148 Ba\u015flygyny\u0148 orunbasary B.Atda\u00fdew da\u015fary \u00fdurtlar bilen s\u00f6wda-ykdysady hyzmatda\u015flygy gi\u0148eltmek bo\u00fdun\u00e7a alnyp baryl\u00fdan i\u015fler barada hasabat berdi. \u015eunu\u0148 bilen baglylykda, \u015fu \u00fdyly\u0148 4-5-nji i\u00fdunynda T\u00fcrkmen-awstri\u00fda bilelikd\u00e4ki toparyny\u0148 12-nji mejlisini hem-de onu\u0148 \u00e7\u00e4klerinde i\u015few\u00fcrler du\u015fu\u015fygyny ge\u00e7irmek bo\u00fdun\u00e7a ta\u00fd\u00fdarlyk i\u015flerini\u0148 alnyp baryl\u00fdandygy barada a\u00fddyldy. Mejlisi\u0148 g\u00fcn tertibine la\u00fdyklykda, senagatda innowasion tehnologi\u00fdalar, energetika, energi\u00fdany\u0148 ga\u00fdtadan dikeldil\u00fd\u00e4n \u00e7e\u015fmeleri, ekologik taslamalar we galyndylary\u0148 dolandyryly\u015fy, gurlu\u015fyk hem-de ulag infrastrukturasy, hyzmatlar ulgamy, saglygy gora\u00fdy\u015f, derman senagaty, oba hojalygy we oba hojalyk \u00f6n\u00fcmlerini ga\u00fdtadan i\u015flemek \u00fdaly ugurlarda d\u00f6wletara gatna\u015fyklary mundan be\u00fdl\u00e4k-de \u00f6sd\u00fcrmek meselelerini ara alyp maslahatla\u015fmak g\u00f6z \u00f6\u0148\u00fcnde tutul\u00fdar. \u015ee\u00fdle-de bilelikd\u00e4ki resminamalara gol \u00e7ekiler. I\u015few\u00fcrler du\u015fu\u015fygyny\u0148 dowamynda Awstri\u00fdany\u0148 enjamlary \u00f6nd\u00fcr\u00fd\u00e4n kompani\u00fdalaryny\u0148 i\u015fl\u00e4p ta\u00fd\u00fdarlamalary bilen tany\u015fmak, birn\u00e4\u00e7e ulgamlarda hyzmatda\u015flygy gi\u0148eltmegi\u0148 m\u00fcmkin\u00e7iliklerini ara alyp maslahatla\u015fmak, \u00f6zara b\u00e4hbitli hyzmatda\u015flygy\u0148 t\u00e4ze ugurlaryny kesgitlemek me\u00fdille\u015fdiril\u00fd\u00e4r.<br \/>\nHormatly Prezidentimiz hasabaty di\u0148l\u00e4p, \u00fdurdumyzy\u0148 ykdysady kuwwatyny berkitmek, d\u00fcn\u00fd\u00e4ni\u0148 \u00f6sen d\u00f6wletleri bilen s\u00f6wda-ykdysady gatna\u015fyklary \u00f6sd\u00fcrmek bo\u00fdun\u00e7a alnyp baryl\u00fdan i\u015fleri has-da k\u00e4mille\u015fdirmelidigini belledi. D\u00f6wlet Ba\u015ftutanymyz da\u015fary \u00fdurtlar bilen hyzmatda\u015flygy\u0148 ugurlaryny barha gi\u0148eltmegi\u0148 zerurdygy barada a\u00fddyp, wise-prem\u00fdere birn\u00e4\u00e7e anyk tab\u015fyryklary berdi.<\/p>\n","protected":false},"excerpt":{"rendered":"<p>24-nji ma\u00fdda ge\u00e7irilen Ministrler Kabinetini\u0148 mejlisinde Ministrler Kabinetini\u0148 Ba\u015flygyny\u0148 orunbasary B.Atda\u00fdew da\u015fary \u00fdurtlar bilen s\u00f6wda-ykdysady hyzmatda\u015flygy gi\u0148eltmek bo\u00fdun\u00e7a alnyp baryl\u00fdan i\u015fler barada hasabat berdi. \u015eunu\u0148 bilen baglylykda, \u015fu \u00fdyly\u0148 4-5-nji i\u00fdunynda T\u00fcrkmen-awstri\u00fda bilelikd\u00e4ki toparyny\u0148 12-nji mejlisini hem-de onu\u0148 \u00e7\u00e4klerinde i\u015few\u00fcrler du\u015fu\u015fygyny ge\u00e7irmek bo\u00fdun\u00e7a ta\u00fd\u00fdarlyk i\u015flerini\u0148 alnyp baryl\u00fdandygy barada a\u00fddyldy. Mejlisi\u0148 g\u00fcn tertibine la\u00fdyklykda, senagatda innowasion [&hellip;]<\/p>\n","protected":false},"author":2,"featured_media":102184,"comment_status":"open","ping_status":"closed","sticky":false,"template":"","format":"standard","meta":{"footnotes":""},"categories":[3],"tags":[],"acf":[],"_links":{"self":[{"href":"https:\/\/zamanturkmenistan.com.tm\/index.php?rest_route=\/wp\/v2\/posts\/108167"}],"collection":[{"href":"https:\/\/zamanturkmenistan.com.tm\/index.php?rest_route=\/wp\/v2\/posts"}],"about":[{"href":"https:\/\/zamanturkmenistan.com.tm\/index.php?rest_route=\/wp\/v2\/types\/post"}],"author":[{"embeddable":true,"href":"https:\/\/zamanturkmenistan.com.tm\/index.php?rest_route=\/wp\/v2\/users\/2"}],"replies":[{"embeddable":true,"href":"https:\/\/zamanturkmenistan.com.tm\/index.php?rest_route=%2Fwp%2Fv2%2Fcomments&post=108167"}],"version-history":[{"count":2,"href":"https:\/\/zamanturkmenistan.com.tm\/index.php?rest_route=\/wp\/v2\/posts\/108167\/revisions"}],"predecessor-version":[{"id":108181,"href":"https:\/\/zamanturkmenistan.com.tm\/index.php?rest_route=\/wp\/v2\/posts\/108167\/revisions\/108181"}],"wp:featuredmedia":[{"embeddable":true,"href":"https:\/\/zamanturkmenistan.com.tm\/index.php?rest_route=\/wp\/v2\/media\/102184"}],"wp:attachment":[{"href":"https:\/\/zamanturkmenistan.com.tm\/index.php?rest_route=%2Fwp%2Fv2%2Fmedia&parent=108167"}],"wp:term":[{"taxonomy":"category","embeddable":true,"href":"https:\/\/zamanturkmenistan.com.tm\/index.php?rest_route=%2Fwp%2Fv2%2Fcategories&post=108167"},{"taxonomy":"post_tag","embeddable":true,"href":"https:\/\/zamanturkmenistan.com.tm\/index.php?rest_route=%2Fwp%2Fv2%2Ftags&post=108167"}],"curies":[{"name":"wp","href":"https:\/\/api.w.org\/{rel}","templated":true}]}}