{"id":108380,"date":"2024-05-30T10:22:30","date_gmt":"2024-05-30T05:22:30","guid":{"rendered":"https:\/\/zamanturkmenistan.com.tm\/?p=108380"},"modified":"2024-06-28T17:10:33","modified_gmt":"2024-06-28T12:10:33","slug":"ilkinji-fransuz-zurnaly","status":"publish","type":"post","link":"https:\/\/zamanturkmenistan.com.tm\/?p=108380","title":{"rendered":"Ilkinji fransuz \u017eurnaly"},"content":{"rendered":"<p>1631-nji \u00fdyly\u0148 30-njy ma\u00fdynda ilkinji fransuz \u017eurnaly \u201cLa Gazette\u201d-ni\u0148 (resmi ady \u201cGazette de France\u201d) birinji sany \u00e7ap edil\u00fd\u00e4r. Hepdelik ne\u015firi Teofrast Renado esaslandyr\u00fdar. \u00c7ap edil\u00fd\u00e4n ne\u015firler \u00fd\u00fcze \u00e7ykmazdan ozal g\u00fcndelik durmu\u015f bilen bagly hasabatlar elde \u00fdazylan makalalar (\u201cnouvelles \u00e0 la main\u201d) g\u00f6rn\u00fc\u015finde pa\u00fdlan\u00fdardy. \u201cLa Gazette\u201d gysga wagty\u0148 i\u00e7inde Fransi\u00fdany\u0148 esasy habar \u00e7e\u015fmesine \u00f6wr\u00fcl\u00fd\u00e4r. \u017durnaly sowatly adamlar we aristokrati\u00fdany\u0148 wekilleri okapdyrlar.<br \/>\nD\u00f6wrebap \u017eurnalistikany\u0148 \u00f6smegine uly go\u015fant go\u015fan Renadony\u0148 asyl k\u00e4ri lukman bolupdyr. So\u0148ky \u00fdyllarda gazet-\u017eurnallary\u0148 k\u00f6pelmegi bilen ne\u015firi\u0148 \u00e7ap edili\u015fi XX asyry\u0148 ba\u015flarynda \u2013 1915-nji \u00fdylda bes edilipdir.<\/p>\n","protected":false},"excerpt":{"rendered":"<p>1631-nji \u00fdyly\u0148 30-njy ma\u00fdynda ilkinji fransuz \u017eurnaly \u201cLa Gazette\u201d-ni\u0148 (resmi ady \u201cGazette de France\u201d) birinji sany \u00e7ap edil\u00fd\u00e4r. Hepdelik ne\u015firi Teofrast Renado esaslandyr\u00fdar. \u00c7ap edil\u00fd\u00e4n ne\u015firler \u00fd\u00fcze \u00e7ykmazdan ozal g\u00fcndelik durmu\u015f bilen bagly hasabatlar elde \u00fdazylan makalalar (\u201cnouvelles \u00e0 la main\u201d) g\u00f6rn\u00fc\u015finde pa\u00fdlan\u00fdardy. \u201cLa Gazette\u201d gysga wagty\u0148 i\u00e7inde Fransi\u00fdany\u0148 esasy habar \u00e7e\u015fmesine \u00f6wr\u00fcl\u00fd\u00e4r. \u017durnaly sowatly [&hellip;]<\/p>\n","protected":false},"author":2,"featured_media":108383,"comment_status":"open","ping_status":"closed","sticky":false,"template":"","format":"standard","meta":{"footnotes":""},"categories":[402],"tags":[],"acf":[],"_links":{"self":[{"href":"https:\/\/zamanturkmenistan.com.tm\/index.php?rest_route=\/wp\/v2\/posts\/108380"}],"collection":[{"href":"https:\/\/zamanturkmenistan.com.tm\/index.php?rest_route=\/wp\/v2\/posts"}],"about":[{"href":"https:\/\/zamanturkmenistan.com.tm\/index.php?rest_route=\/wp\/v2\/types\/post"}],"author":[{"embeddable":true,"href":"https:\/\/zamanturkmenistan.com.tm\/index.php?rest_route=\/wp\/v2\/users\/2"}],"replies":[{"embeddable":true,"href":"https:\/\/zamanturkmenistan.com.tm\/index.php?rest_route=%2Fwp%2Fv2%2Fcomments&post=108380"}],"version-history":[{"count":2,"href":"https:\/\/zamanturkmenistan.com.tm\/index.php?rest_route=\/wp\/v2\/posts\/108380\/revisions"}],"predecessor-version":[{"id":110729,"href":"https:\/\/zamanturkmenistan.com.tm\/index.php?rest_route=\/wp\/v2\/posts\/108380\/revisions\/110729"}],"wp:featuredmedia":[{"embeddable":true,"href":"https:\/\/zamanturkmenistan.com.tm\/index.php?rest_route=\/wp\/v2\/media\/108383"}],"wp:attachment":[{"href":"https:\/\/zamanturkmenistan.com.tm\/index.php?rest_route=%2Fwp%2Fv2%2Fmedia&parent=108380"}],"wp:term":[{"taxonomy":"category","embeddable":true,"href":"https:\/\/zamanturkmenistan.com.tm\/index.php?rest_route=%2Fwp%2Fv2%2Fcategories&post=108380"},{"taxonomy":"post_tag","embeddable":true,"href":"https:\/\/zamanturkmenistan.com.tm\/index.php?rest_route=%2Fwp%2Fv2%2Ftags&post=108380"}],"curies":[{"name":"wp","href":"https:\/\/api.w.org\/{rel}","templated":true}]}}