{"id":108443,"date":"2024-05-31T11:39:49","date_gmt":"2024-05-31T06:39:49","guid":{"rendered":"https:\/\/zamanturkmenistan.com.tm\/?p=108443"},"modified":"2024-05-31T11:39:49","modified_gmt":"2024-05-31T06:39:49","slug":"icerki-gatnawlaryn-sany-kopeldildi","status":"publish","type":"post","link":"https:\/\/zamanturkmenistan.com.tm\/?p=108443","title":{"rendered":"I\u00e7erki gatnawlary\u0148 sany k\u00f6peldildi"},"content":{"rendered":"<p>\u201cT\u00fcrk\u00adme\u00adnis\u00adtan\u201d awia\u00adkom\u00adpa\u00adni\u00ad\u00fda\u00adsy to\u00admus\u00adky dyn\u00e7 aly\u015f m\u00f6w\u00ads\u00fc\u00admi\u00adni\u0148 ba\u015f\u00adlan\u00ad\u00fdan\u00addy\u00adgy\u00adny g\u00f6z \u00f6\u0148\u00fcn\u00adde tu\u00adtup, 2024-nji \u00fdy\u00adly\u0148 i\u00fdun a\u00fdy\u00adny\u0148 1-den ra\u00ad\u00fdat\u00adla\u00adry\u00ad\u0148 ra\u00adhat dyn\u00e7 al\u00admaklary we sy\u00ad\u00fda\u00adhat et\u00admekleri \u00fc\u00e7in:<br \/>\nA\u015f\u00adga\u00adbat \u2013 T\u00fcrk\u00admen\u00adba\u00ad\u015fy \u2013 A\u015f\u00adga\u00adbat ugry bo\u00ad\u00fdun\u00ad\u00e7a gat\u00adnaw\u00adla\u00adry\u0148 sa\u00adny\u00adny\u0148 k\u00f6\u00adpel\u00addi\u00adlen\u00addi\u00adgi\u00adni, \u015fe\u00fd\u00adle-de we\u00adla\u00ad\u00fdat\u00adla\u00adry\u00admy\u00adzy\u0148 Hal\u00adka\u00adra ho\u00adwa men\u00adzil\u00adle\u00adrin\u00adden \u00fde\u00adri\u00adne \u00fde\u00adti\u00adril\u00ad\u00fd\u00e4n gat\u00adnaw\u00adlar\u00adda t\u00e4\u00adze ugur\u00adlar bo\u00ad\u00fdun\u00ad\u00e7a gat\u00adnaw\u00adla\u00adry\u0148 \u00fdo\u00adla go\u00ad\u00fdu\u00adlan\u00addy\u00adgy\u00adny, has ta\u00adky\u00adgy:<br \/>\nT\u00fcrk\u00admen\u00adba\u00ad\u015fy \u2013 T\u00fcrk\u00adme\u00adna\u00adbat \u2013 T\u00fcrk\u00admen\u00adba\u00ad\u015fy;<br \/>\nT\u00fcrk\u00admen\u00adba\u00ad\u015fy \u2013 Da\u00ad\u015fo\u00adguz \u2013 T\u00fcrk\u00admen\u00adba\u00ad\u015fy;<br \/>\nT\u00fcrk\u00admen\u00adba\u00ad\u015fy \u2013 Ma\u00adry \u2013 T\u00fcrk\u00admen\u00adba\u00ad\u015fy.<br \/>\nugur\u00adlar\u00adda gat\u00adnaw\u00adla\u00adry\u0148 \u00fdo\u00adla go\u00ad\u00fdu\u00adlan\u00addy\u00adgy m\u00e4\u00adlim ed\u00ad\u00fd\u00e4\u00adr.<\/p>\n<p>Bu barada awiakompani\u00fdany\u0148 resmi <a href=\"https:\/\/turkmenistanairlines.tm\/tm\/news\/show\/soobschaem-vam-chto-uchityvaya-nachalo-letnego-kurortnogo-sezona-s-1-iyunya-2024-goda-aktsionernoe-obschestvo-otkrytogo-tipa-aviakompaniya-turkmenistan-v-tselyah-udovletvoreniya-potrebnostey-nashih-grazhdan-v-komfortabelnom-otdyhe-i-puteshestviya\">sa\u00fdtynda<\/a> habar beril\u00fd\u00e4r.<\/p>\n","protected":false},"excerpt":{"rendered":"<p>\u201cT\u00fcrk\u00adme\u00adnis\u00adtan\u201d awia\u00adkom\u00adpa\u00adni\u00ad\u00fda\u00adsy to\u00admus\u00adky dyn\u00e7 aly\u015f m\u00f6w\u00ads\u00fc\u00admi\u00adni\u0148 ba\u015f\u00adlan\u00ad\u00fdan\u00addy\u00adgy\u00adny g\u00f6z \u00f6\u0148\u00fcn\u00adde tu\u00adtup, 2024-nji \u00fdy\u00adly\u0148 i\u00fdun a\u00fdy\u00adny\u0148 1-den ra\u00ad\u00fdat\u00adla\u00adry\u00ad\u0148 ra\u00adhat dyn\u00e7 al\u00admaklary we sy\u00ad\u00fda\u00adhat et\u00admekleri \u00fc\u00e7in: A\u015f\u00adga\u00adbat \u2013 T\u00fcrk\u00admen\u00adba\u00ad\u015fy \u2013 A\u015f\u00adga\u00adbat ugry bo\u00ad\u00fdun\u00ad\u00e7a gat\u00adnaw\u00adla\u00adry\u0148 sa\u00adny\u00adny\u0148 k\u00f6\u00adpel\u00addi\u00adlen\u00addi\u00adgi\u00adni, \u015fe\u00fd\u00adle-de we\u00adla\u00ad\u00fdat\u00adla\u00adry\u00admy\u00adzy\u0148 Hal\u00adka\u00adra ho\u00adwa men\u00adzil\u00adle\u00adrin\u00adden \u00fde\u00adri\u00adne \u00fde\u00adti\u00adril\u00ad\u00fd\u00e4n gat\u00adnaw\u00adlar\u00adda t\u00e4\u00adze ugur\u00adlar bo\u00ad\u00fdun\u00ad\u00e7a gat\u00adnaw\u00adla\u00adry\u0148 \u00fdo\u00adla go\u00ad\u00fdu\u00adlan\u00addy\u00adgy\u00adny, has ta\u00adky\u00adgy: T\u00fcrk\u00admen\u00adba\u00ad\u015fy \u2013 T\u00fcrk\u00adme\u00adna\u00adbat \u2013 T\u00fcrk\u00admen\u00adba\u00ad\u015fy; T\u00fcrk\u00admen\u00adba\u00ad\u015fy [&hellip;]<\/p>\n","protected":false},"author":2,"featured_media":108444,"comment_status":"open","ping_status":"closed","sticky":false,"template":"","format":"standard","meta":{"footnotes":""},"categories":[8273,3],"tags":[],"acf":[],"_links":{"self":[{"href":"https:\/\/zamanturkmenistan.com.tm\/index.php?rest_route=\/wp\/v2\/posts\/108443"}],"collection":[{"href":"https:\/\/zamanturkmenistan.com.tm\/index.php?rest_route=\/wp\/v2\/posts"}],"about":[{"href":"https:\/\/zamanturkmenistan.com.tm\/index.php?rest_route=\/wp\/v2\/types\/post"}],"author":[{"embeddable":true,"href":"https:\/\/zamanturkmenistan.com.tm\/index.php?rest_route=\/wp\/v2\/users\/2"}],"replies":[{"embeddable":true,"href":"https:\/\/zamanturkmenistan.com.tm\/index.php?rest_route=%2Fwp%2Fv2%2Fcomments&post=108443"}],"version-history":[{"count":1,"href":"https:\/\/zamanturkmenistan.com.tm\/index.php?rest_route=\/wp\/v2\/posts\/108443\/revisions"}],"predecessor-version":[{"id":108445,"href":"https:\/\/zamanturkmenistan.com.tm\/index.php?rest_route=\/wp\/v2\/posts\/108443\/revisions\/108445"}],"wp:featuredmedia":[{"embeddable":true,"href":"https:\/\/zamanturkmenistan.com.tm\/index.php?rest_route=\/wp\/v2\/media\/108444"}],"wp:attachment":[{"href":"https:\/\/zamanturkmenistan.com.tm\/index.php?rest_route=%2Fwp%2Fv2%2Fmedia&parent=108443"}],"wp:term":[{"taxonomy":"category","embeddable":true,"href":"https:\/\/zamanturkmenistan.com.tm\/index.php?rest_route=%2Fwp%2Fv2%2Fcategories&post=108443"},{"taxonomy":"post_tag","embeddable":true,"href":"https:\/\/zamanturkmenistan.com.tm\/index.php?rest_route=%2Fwp%2Fv2%2Ftags&post=108443"}],"curies":[{"name":"wp","href":"https:\/\/api.w.org\/{rel}","templated":true}]}}