{"id":108491,"date":"2024-05-31T16:27:33","date_gmt":"2024-05-31T11:27:33","guid":{"rendered":"https:\/\/zamanturkmenistan.com.tm\/?p=108491"},"modified":"2024-05-31T16:27:33","modified_gmt":"2024-05-31T11:27:33","slug":"ukrainanyn-milli-cagalar-kitaphanasynda-turkmen-halkynyn-medeni-gymmatlyklary-atly-sergi-gecirildi","status":"publish","type":"post","link":"https:\/\/zamanturkmenistan.com.tm\/?p=108491","title":{"rendered":"Ukrainany\u0148 Milli \u00e7agalar kitaphanasynda \u00abT\u00fcrkmen halkyny\u0148 medeni gymmatlyklary\u00bb atly sergi ge\u00e7irildi"},"content":{"rendered":"<p>23-30-njy ma\u00fd aralygynda be\u00fdik t\u00fcrkmen \u015fahyry we akyldary Magtymguly Pyragyny\u0148 doglan g\u00fcn\u00fcni\u0148 300 \u00fdyllygy we \u00abP\u00e4him pa\u00fdhas ummany Magtymguly Pyragy\u00bb \u00fdyly mynasybetli Ukrainany\u0148 Milli \u00e7agalar kitaphanasynda T\u00fcrkmenistany\u0148 Ukrainadaky Il\u00e7ihanasy bilen bilelikde guralan \u00abT\u00fcrkmen halkyny\u0148 medeni gymmatlyklary\u00bb atly suratlary\u0148, kitaplary\u0148 we milli egin-e\u015fikleri\u0148 sergisi ge\u00e7irildi.<br \/>\nBir hepde dowam eden sergide d\u00fcrli \u00fda\u015fdaky okyjylar we kitaphana gel\u00fd\u00e4nler T\u00fcrkmenistany\u0148 taryhy, binag\u00e4rligi, medeni\u00fdeti, t\u00fcrkmen halkyny\u0148 d\u00e4p-dessurlary bilen tany\u015fdylar. Ki\u00fdew \u015f\u00e4herini\u0148 8 sany umumy bilim ber\u00fd\u00e4n, \u00fd\u00f6ritele\u015fdirilen we h\u00fcn\u00e4rment mekdepleri\u0148 okuw\u00e7ylaryna, \u015fe\u00fdle hem \u017eurnalistika h\u00fcn\u00e4rinden bilim al\u00fdan talyp \u00fda\u015flara toparla\u00fdyn gezelen\u00e7ler guraldy.<br \/>\nBu \u00fderde olara Be\u00fdik \u00dd\u00fcpek \u00fdoluny\u0148 ugrunda \u00fderle\u015f\u00fd\u00e4n taryhy we arheologiki \u00fdadyg\u00e4rlikleri: \u00ddUNESKO-ny\u0148 B\u00fctind\u00fcn\u00fd\u00e4 mirasyny\u0148 sanawyna girizilen Gadymy Merw, K\u00f6ne\u00fcrgen\u00e7 \u015f\u00e4herlerini we Gadymy Nusa\u00fd galasy baradaky suratlar g\u00f6rkezildi hem-de olary\u0148 taryhy barada g\u00fcrr\u00fc\u0148 berildi.<br \/>\nKitap sergisinde \u00ab\u041c\u0430\u0433\u0442\u0438\u043c\u0433\u0443\u043b\u0438 \u041f\u0438\u0440\u0430\u0433\u0438. 300 \u0440\u043e\u043ai\u0432 3 \u0434\u043d\u044f \u043d\u0430\u0440\u043e\u0434\u0436\u0435\u043d\u043d\u044f. \u041e\u0434\u043a\u0440\u043e\u0432\u0435\u043d\u043d\u044f\u00bb atly \u00fdygyndy bilen bir hatarda Magtymguly Pyragyny\u0148 ukrain we be\u00fdleki dillere terjime edilen bahasyna \u00fdetip bolmajak \u00fdygyndylary, g\u00f6rn\u00fckli t\u00fcrkmen akyldary hakynda \u00fdazylan kitaplar, \u015fe\u00fdle hem \u00f6zbolu\u015fly ne\u015fir bolan Taras \u015eew\u00e7enkony\u0148 t\u00fcrkmen dilind\u00e4ki kitaby \u00fda\u00fdba\u0148landyryldy.<br \/>\nT\u00fcrkmenistany\u0148 Prezidenti Serdar Berdimuhamedowy\u0148 \u00ab\u00dda\u015flar \u2013 Watany\u0148 da\u00fdanjy\u00bb atly kitaby we t\u00fcrkmen halkyny\u0148 Milli Lideri, T\u00fcrkmenistany\u0148 Halk Maslahatyny\u0148 Ba\u015flygy Gurbanguly Berdimuhamedowy\u0148 ukrain diline terjime edilen k\u00f6p sanly eserleri hem-de be\u00fdleki k\u00f6p sanly gyzykly edebi\u00fdatlar sergide \u00fderle\u015fdirilipdir.<\/p>\n","protected":false},"excerpt":{"rendered":"<p>23-30-njy ma\u00fd aralygynda be\u00fdik t\u00fcrkmen \u015fahyry we akyldary Magtymguly Pyragyny\u0148 doglan g\u00fcn\u00fcni\u0148 300 \u00fdyllygy we \u00abP\u00e4him pa\u00fdhas ummany Magtymguly Pyragy\u00bb \u00fdyly mynasybetli Ukrainany\u0148 Milli \u00e7agalar kitaphanasynda T\u00fcrkmenistany\u0148 Ukrainadaky Il\u00e7ihanasy bilen bilelikde guralan \u00abT\u00fcrkmen halkyny\u0148 medeni gymmatlyklary\u00bb atly suratlary\u0148, kitaplary\u0148 we milli egin-e\u015fikleri\u0148 sergisi ge\u00e7irildi. Bir hepde dowam eden sergide d\u00fcrli \u00fda\u015fdaky okyjylar we kitaphana gel\u00fd\u00e4nler [&hellip;]<\/p>\n","protected":false},"author":2,"featured_media":108492,"comment_status":"open","ping_status":"closed","sticky":false,"template":"","format":"standard","meta":{"footnotes":""},"categories":[3],"tags":[],"acf":[],"_links":{"self":[{"href":"https:\/\/zamanturkmenistan.com.tm\/index.php?rest_route=\/wp\/v2\/posts\/108491"}],"collection":[{"href":"https:\/\/zamanturkmenistan.com.tm\/index.php?rest_route=\/wp\/v2\/posts"}],"about":[{"href":"https:\/\/zamanturkmenistan.com.tm\/index.php?rest_route=\/wp\/v2\/types\/post"}],"author":[{"embeddable":true,"href":"https:\/\/zamanturkmenistan.com.tm\/index.php?rest_route=\/wp\/v2\/users\/2"}],"replies":[{"embeddable":true,"href":"https:\/\/zamanturkmenistan.com.tm\/index.php?rest_route=%2Fwp%2Fv2%2Fcomments&post=108491"}],"version-history":[{"count":1,"href":"https:\/\/zamanturkmenistan.com.tm\/index.php?rest_route=\/wp\/v2\/posts\/108491\/revisions"}],"predecessor-version":[{"id":108493,"href":"https:\/\/zamanturkmenistan.com.tm\/index.php?rest_route=\/wp\/v2\/posts\/108491\/revisions\/108493"}],"wp:featuredmedia":[{"embeddable":true,"href":"https:\/\/zamanturkmenistan.com.tm\/index.php?rest_route=\/wp\/v2\/media\/108492"}],"wp:attachment":[{"href":"https:\/\/zamanturkmenistan.com.tm\/index.php?rest_route=%2Fwp%2Fv2%2Fmedia&parent=108491"}],"wp:term":[{"taxonomy":"category","embeddable":true,"href":"https:\/\/zamanturkmenistan.com.tm\/index.php?rest_route=%2Fwp%2Fv2%2Fcategories&post=108491"},{"taxonomy":"post_tag","embeddable":true,"href":"https:\/\/zamanturkmenistan.com.tm\/index.php?rest_route=%2Fwp%2Fv2%2Ftags&post=108491"}],"curies":[{"name":"wp","href":"https:\/\/api.w.org\/{rel}","templated":true}]}}