{"id":108494,"date":"2024-05-31T16:29:39","date_gmt":"2024-05-31T11:29:39","guid":{"rendered":"https:\/\/zamanturkmenistan.com.tm\/?p=108494"},"modified":"2024-05-31T16:29:39","modified_gmt":"2024-05-31T11:29:39","slug":"turkmenistanyn-bmg-nin-zenewadaky-edarasynyn-yanyndaky-hemiselik-wekili-bilen-human-rights-watch-guramasynyn-wekillerinin-arasynda-dususyk-gecirildi","status":"publish","type":"post","link":"https:\/\/zamanturkmenistan.com.tm\/?p=108494","title":{"rendered":"T\u00fcrkmenistany\u0148 BMG-ni\u0148 \u017denewadaky edarasyny\u0148 \u00fdanyndaky Hemi\u015felik wekili bilen Human Rights Watch guramasyny\u0148 wekillerini\u0148 arasynda du\u015fu\u015fyk ge\u00e7irildi"},"content":{"rendered":"<p>28-nji ma\u00fdda T\u00fcrkmenistany\u0148 BMG-ni\u0148 \u017denewadaky wekilhanasyny\u0148 \u00fdanyndaky Hemi\u015felik wekili Wepa Haji\u00fdew bilen h\u00f6k\u00fcmete degi\u015fli bolmadyk Human Rights Watch guramasyny\u0148 \u017denewadaky edarasyny\u0148 m\u00fcdiri Hilary Poweri\u0148 arasynda du\u015fu\u015fyk ge\u00e7irildi.<br \/>\nDu\u015fu\u015fyk adam hukuklary \u00e7ygryny\u0148 h\u00e4zirki zaman ugurlary bo\u00fdun\u00e7a geljekki hyzmatda\u015flyk \u00fc\u00e7in taraplary\u0148 arasyndaky gatna\u015fyklary \u00fdola go\u00fdmagy maksat edin\u00fd\u00e4r.<br \/>\nDu\u015fu\u015fygy\u0148 dowamynda \u00f6zara gyzyklanma d\u00f6red\u00fd\u00e4n meseleler, \u015fe\u00fdle hem ynsanperwer ugurda geljekki hyzmatda\u015flygy\u0148 m\u00fcmkin\u00e7ilikleri we g\u00f6rn\u00fc\u015fleri bo\u00fdun\u00e7a pikir al\u015fyldy. Hyzmatda\u015flygy\u0148 netijeliligini \u00fcpj\u00fcn etmek maksady bilen taraplar \u017denewany\u0148 \u00e7\u00e4klerinde yzygiderli gatna\u015fyklary pugtalandyrmaga ylala\u015fdylar.<\/p>\n","protected":false},"excerpt":{"rendered":"<p>28-nji ma\u00fdda T\u00fcrkmenistany\u0148 BMG-ni\u0148 \u017denewadaky wekilhanasyny\u0148 \u00fdanyndaky Hemi\u015felik wekili Wepa Haji\u00fdew bilen h\u00f6k\u00fcmete degi\u015fli bolmadyk Human Rights Watch guramasyny\u0148 \u017denewadaky edarasyny\u0148 m\u00fcdiri Hilary Poweri\u0148 arasynda du\u015fu\u015fyk ge\u00e7irildi. Du\u015fu\u015fyk adam hukuklary \u00e7ygryny\u0148 h\u00e4zirki zaman ugurlary bo\u00fdun\u00e7a geljekki hyzmatda\u015flyk \u00fc\u00e7in taraplary\u0148 arasyndaky gatna\u015fyklary \u00fdola go\u00fdmagy maksat edin\u00fd\u00e4r. Du\u015fu\u015fygy\u0148 dowamynda \u00f6zara gyzyklanma d\u00f6red\u00fd\u00e4n meseleler, \u015fe\u00fdle hem ynsanperwer ugurda [&hellip;]<\/p>\n","protected":false},"author":2,"featured_media":108495,"comment_status":"open","ping_status":"closed","sticky":false,"template":"","format":"standard","meta":{"footnotes":""},"categories":[3],"tags":[],"acf":[],"_links":{"self":[{"href":"https:\/\/zamanturkmenistan.com.tm\/index.php?rest_route=\/wp\/v2\/posts\/108494"}],"collection":[{"href":"https:\/\/zamanturkmenistan.com.tm\/index.php?rest_route=\/wp\/v2\/posts"}],"about":[{"href":"https:\/\/zamanturkmenistan.com.tm\/index.php?rest_route=\/wp\/v2\/types\/post"}],"author":[{"embeddable":true,"href":"https:\/\/zamanturkmenistan.com.tm\/index.php?rest_route=\/wp\/v2\/users\/2"}],"replies":[{"embeddable":true,"href":"https:\/\/zamanturkmenistan.com.tm\/index.php?rest_route=%2Fwp%2Fv2%2Fcomments&post=108494"}],"version-history":[{"count":1,"href":"https:\/\/zamanturkmenistan.com.tm\/index.php?rest_route=\/wp\/v2\/posts\/108494\/revisions"}],"predecessor-version":[{"id":108496,"href":"https:\/\/zamanturkmenistan.com.tm\/index.php?rest_route=\/wp\/v2\/posts\/108494\/revisions\/108496"}],"wp:featuredmedia":[{"embeddable":true,"href":"https:\/\/zamanturkmenistan.com.tm\/index.php?rest_route=\/wp\/v2\/media\/108495"}],"wp:attachment":[{"href":"https:\/\/zamanturkmenistan.com.tm\/index.php?rest_route=%2Fwp%2Fv2%2Fmedia&parent=108494"}],"wp:term":[{"taxonomy":"category","embeddable":true,"href":"https:\/\/zamanturkmenistan.com.tm\/index.php?rest_route=%2Fwp%2Fv2%2Fcategories&post=108494"},{"taxonomy":"post_tag","embeddable":true,"href":"https:\/\/zamanturkmenistan.com.tm\/index.php?rest_route=%2Fwp%2Fv2%2Ftags&post=108494"}],"curies":[{"name":"wp","href":"https:\/\/api.w.org\/{rel}","templated":true}]}}