{"id":108497,"date":"2024-05-31T16:32:31","date_gmt":"2024-05-31T11:32:31","guid":{"rendered":"https:\/\/zamanturkmenistan.com.tm\/?p=108497"},"modified":"2024-05-31T16:32:31","modified_gmt":"2024-05-31T11:32:31","slug":"turkmenistanyn-wekiliyeti-haywanlaryn-saglygyny-goramak-boyunca-butindunya-guramasynyn-wekillerinin-assambleyasynyn-91-nji-umumy-mejlisine-gatnasdy","status":"publish","type":"post","link":"https:\/\/zamanturkmenistan.com.tm\/?p=108497","title":{"rendered":"T\u00fcrkmenistany\u0148 wekili\u00fdeti Ha\u00fdwanlary\u0148 saglygyny goramak bo\u00fdun\u00e7a B\u00fctind\u00fcn\u00fd\u00e4 guramasyny\u0148 wekillerini\u0148 Assamble\u00fdasyny\u0148 91-nji umumy mejlisine gatna\u015fdy"},"content":{"rendered":"<p>26-30-njy ma\u00fd aralygynda T\u00fcrkmenistany\u0148 wekili\u00fdeti Fransi\u00fdany\u0148 Pari\u017e \u015f\u00e4herinde ge\u00e7iril\u00fd\u00e4n Ha\u00fdwanlary\u0148 saglygyny goramak bo\u00fdun\u00e7a B\u00fctind\u00fcn\u00fd\u00e4 guramasyny\u0148 (WOAH) wekillerini\u0148 Assamble\u00fdasyny\u0148 91-nji umumy mejlisine gatna\u015fdy.<br \/>\n\u00d6z\u00fcni\u0148 100 \u00fdyllygyny belle\u00fd\u00e4n WOAH-y\u0148 mejlisini\u0148 \u00e7\u00e4klerinde d\u00fcn\u00fd\u00e4de ha\u00fdwanlary\u0148 saglygy \u00fc\u00e7in durnukly geljegi bilelikde d\u00f6retmek meseleleri we h\u00e4zirki d\u00f6w\u00fcrde guramany\u0148 gazanan \u00fcst\u00fcnlikleri ara alnyp maslahatla\u015fyldy.<br \/>\n2024-nji \u00fdyly\u0148 28-nji ma\u00fdynda WOAH-y\u0148 Ba\u015f direktory wezipesine ge\u00e7irilen sa\u00fdlawlary\u0148 netijesi bo\u00fdun\u00e7a agzalan wezip\u00e4 Fransi\u00fda Respublikasyndan dala\u015fg\u00e4r Emmanuel Sube\u00fdran 2024-2029-njy \u00fdyllar d\u00f6wri \u00fc\u00e7in sa\u00fdlanyldy.<\/p>\n","protected":false},"excerpt":{"rendered":"<p>26-30-njy ma\u00fd aralygynda T\u00fcrkmenistany\u0148 wekili\u00fdeti Fransi\u00fdany\u0148 Pari\u017e \u015f\u00e4herinde ge\u00e7iril\u00fd\u00e4n Ha\u00fdwanlary\u0148 saglygyny goramak bo\u00fdun\u00e7a B\u00fctind\u00fcn\u00fd\u00e4 guramasyny\u0148 (WOAH) wekillerini\u0148 Assamble\u00fdasyny\u0148 91-nji umumy mejlisine gatna\u015fdy. \u00d6z\u00fcni\u0148 100 \u00fdyllygyny belle\u00fd\u00e4n WOAH-y\u0148 mejlisini\u0148 \u00e7\u00e4klerinde d\u00fcn\u00fd\u00e4de ha\u00fdwanlary\u0148 saglygy \u00fc\u00e7in durnukly geljegi bilelikde d\u00f6retmek meseleleri we h\u00e4zirki d\u00f6w\u00fcrde guramany\u0148 gazanan \u00fcst\u00fcnlikleri ara alnyp maslahatla\u015fyldy. 2024-nji \u00fdyly\u0148 28-nji ma\u00fdynda WOAH-y\u0148 Ba\u015f direktory wezipesine [&hellip;]<\/p>\n","protected":false},"author":2,"featured_media":108498,"comment_status":"open","ping_status":"closed","sticky":false,"template":"","format":"standard","meta":{"footnotes":""},"categories":[3],"tags":[],"acf":[],"_links":{"self":[{"href":"https:\/\/zamanturkmenistan.com.tm\/index.php?rest_route=\/wp\/v2\/posts\/108497"}],"collection":[{"href":"https:\/\/zamanturkmenistan.com.tm\/index.php?rest_route=\/wp\/v2\/posts"}],"about":[{"href":"https:\/\/zamanturkmenistan.com.tm\/index.php?rest_route=\/wp\/v2\/types\/post"}],"author":[{"embeddable":true,"href":"https:\/\/zamanturkmenistan.com.tm\/index.php?rest_route=\/wp\/v2\/users\/2"}],"replies":[{"embeddable":true,"href":"https:\/\/zamanturkmenistan.com.tm\/index.php?rest_route=%2Fwp%2Fv2%2Fcomments&post=108497"}],"version-history":[{"count":1,"href":"https:\/\/zamanturkmenistan.com.tm\/index.php?rest_route=\/wp\/v2\/posts\/108497\/revisions"}],"predecessor-version":[{"id":108499,"href":"https:\/\/zamanturkmenistan.com.tm\/index.php?rest_route=\/wp\/v2\/posts\/108497\/revisions\/108499"}],"wp:featuredmedia":[{"embeddable":true,"href":"https:\/\/zamanturkmenistan.com.tm\/index.php?rest_route=\/wp\/v2\/media\/108498"}],"wp:attachment":[{"href":"https:\/\/zamanturkmenistan.com.tm\/index.php?rest_route=%2Fwp%2Fv2%2Fmedia&parent=108497"}],"wp:term":[{"taxonomy":"category","embeddable":true,"href":"https:\/\/zamanturkmenistan.com.tm\/index.php?rest_route=%2Fwp%2Fv2%2Fcategories&post=108497"},{"taxonomy":"post_tag","embeddable":true,"href":"https:\/\/zamanturkmenistan.com.tm\/index.php?rest_route=%2Fwp%2Fv2%2Ftags&post=108497"}],"curies":[{"name":"wp","href":"https:\/\/api.w.org\/{rel}","templated":true}]}}