{"id":108500,"date":"2024-05-31T16:35:26","date_gmt":"2024-05-31T11:35:26","guid":{"rendered":"https:\/\/zamanturkmenistan.com.tm\/?p=108500"},"modified":"2024-05-31T16:35:26","modified_gmt":"2024-05-31T11:35:26","slug":"turkmenistanyn-wekiliyeti-butindunya-saglygy-gorayys-assambleyasynyn-77-nji-mejlisinin-isine-gatnasdy","status":"publish","type":"post","link":"https:\/\/zamanturkmenistan.com.tm\/?p=108500","title":{"rendered":"T\u00fcrkmenistany\u0148 wekili\u00fdeti B\u00fctind\u00fcn\u00fd\u00e4 saglygy gora\u00fdy\u015f assamble\u00fdasyny\u0148 77-nji mejlisini\u0148 i\u015fine gatna\u015fdy"},"content":{"rendered":"<p>27-29-njy ma\u00fd aralygynda T\u00fcrkmenistany\u0148 Saglygy gora\u00fdy\u015f we derman senagaty ministri M.M\u00e4mmedowy\u0148 \u00fdolba\u015f\u00e7ylygyndaky T\u00fcrkmenistany\u0148 wekili\u00fdeti \u00abSaglyk \u00fc\u00e7in hemme zat, saglyk hemmeler \u00fc\u00e7in\u00bb \u015fygary astynda ge\u00e7iril\u00fd\u00e4n B\u00fctind\u00fcn\u00fd\u00e4 saglygy gora\u00fdy\u015f assamble\u00fdasyny\u0148 77-nji mejlisini\u0148 i\u015fine gatna\u015fdy.<br \/>\nT\u00fcrkmen tarapyny\u0148 \u00e7yky\u015fynda ilaty\u0148 saglygyny goramak we \u00fdurdu\u0148 \u00e4hli ra\u00fdatlary \u00fc\u00e7in \u00fdokary hilli lukman\u00e7ylyk k\u00f6megini de\u0148 derejede \u00fcpj\u00fcn etmek ugrundaky T\u00fcrkmenistany\u0148 tagallalaryna \u00fcns \u00e7ekildi.<br \/>\nTaraplar h\u00f6d\u00fcrlenen g\u00fcn tertibini\u0148 \u00e7\u00e4klerinde saglygy gora\u00fdy\u015f pudagyny\u0148, \u015fol bir wagty\u0148 \u00f6z\u00fcnde saglygy gora\u00fdy\u015f hyzmatlaryny\u0148 hemmetarapla\u00fdyn gur\u015fawyny \u00fcpj\u00fcn etmek, h\u00e4zirki zaman meselelerine, \u00fdokan\u00e7 d\u00e4l keselleri\u0148 \u00f6\u0148\u00fcni almak we olara gar\u015fy g\u00f6re\u015fmek, en\u00e4ni\u0148 we \u00e7agany\u0148 saglygy, 2030-njy \u00fdyla \u00e7enli immunizasi\u00fda bo\u00fdun\u00e7a Hereketleri\u0148 maksatnamasyny\u0148 durmu\u015fa ge\u00e7irilmegi, adatdan da\u015fary \u00fdagda\u00fdlarda saglygy gora\u00fdy\u015f pudagynda t\u00e4sirli goragy \u00fcpj\u00fcn etmek bilen baglany\u015fykly h\u00e4zirki zaman meselelerine, \u015fe\u00fdle hem saglygy gora\u00fdy\u015fy \u00fcpj\u00fcn etmek proseslerine g\u00f6n\u00fcden-g\u00f6ni t\u00e4sir ed\u00fd\u00e4n durmu\u015f, ykdysady we da\u015fky gur\u015faw j\u00e4htlerine seredildi.<br \/>\nAssamble\u00fdany\u0148 i\u015fi 2024-nji \u00fdyly\u0148 1-nji i\u00fdunyna \u00e7enli dowam eder.<\/p>\n","protected":false},"excerpt":{"rendered":"<p>27-29-njy ma\u00fd aralygynda T\u00fcrkmenistany\u0148 Saglygy gora\u00fdy\u015f we derman senagaty ministri M.M\u00e4mmedowy\u0148 \u00fdolba\u015f\u00e7ylygyndaky T\u00fcrkmenistany\u0148 wekili\u00fdeti \u00abSaglyk \u00fc\u00e7in hemme zat, saglyk hemmeler \u00fc\u00e7in\u00bb \u015fygary astynda ge\u00e7iril\u00fd\u00e4n B\u00fctind\u00fcn\u00fd\u00e4 saglygy gora\u00fdy\u015f assamble\u00fdasyny\u0148 77-nji mejlisini\u0148 i\u015fine gatna\u015fdy. T\u00fcrkmen tarapyny\u0148 \u00e7yky\u015fynda ilaty\u0148 saglygyny goramak we \u00fdurdu\u0148 \u00e4hli ra\u00fdatlary \u00fc\u00e7in \u00fdokary hilli lukman\u00e7ylyk k\u00f6megini de\u0148 derejede \u00fcpj\u00fcn etmek ugrundaky T\u00fcrkmenistany\u0148 tagallalaryna \u00fcns [&hellip;]<\/p>\n","protected":false},"author":2,"featured_media":108501,"comment_status":"open","ping_status":"closed","sticky":false,"template":"","format":"standard","meta":{"footnotes":""},"categories":[3],"tags":[],"acf":[],"_links":{"self":[{"href":"https:\/\/zamanturkmenistan.com.tm\/index.php?rest_route=\/wp\/v2\/posts\/108500"}],"collection":[{"href":"https:\/\/zamanturkmenistan.com.tm\/index.php?rest_route=\/wp\/v2\/posts"}],"about":[{"href":"https:\/\/zamanturkmenistan.com.tm\/index.php?rest_route=\/wp\/v2\/types\/post"}],"author":[{"embeddable":true,"href":"https:\/\/zamanturkmenistan.com.tm\/index.php?rest_route=\/wp\/v2\/users\/2"}],"replies":[{"embeddable":true,"href":"https:\/\/zamanturkmenistan.com.tm\/index.php?rest_route=%2Fwp%2Fv2%2Fcomments&post=108500"}],"version-history":[{"count":1,"href":"https:\/\/zamanturkmenistan.com.tm\/index.php?rest_route=\/wp\/v2\/posts\/108500\/revisions"}],"predecessor-version":[{"id":108502,"href":"https:\/\/zamanturkmenistan.com.tm\/index.php?rest_route=\/wp\/v2\/posts\/108500\/revisions\/108502"}],"wp:featuredmedia":[{"embeddable":true,"href":"https:\/\/zamanturkmenistan.com.tm\/index.php?rest_route=\/wp\/v2\/media\/108501"}],"wp:attachment":[{"href":"https:\/\/zamanturkmenistan.com.tm\/index.php?rest_route=%2Fwp%2Fv2%2Fmedia&parent=108500"}],"wp:term":[{"taxonomy":"category","embeddable":true,"href":"https:\/\/zamanturkmenistan.com.tm\/index.php?rest_route=%2Fwp%2Fv2%2Fcategories&post=108500"},{"taxonomy":"post_tag","embeddable":true,"href":"https:\/\/zamanturkmenistan.com.tm\/index.php?rest_route=%2Fwp%2Fv2%2Ftags&post=108500"}],"curies":[{"name":"wp","href":"https:\/\/api.w.org\/{rel}","templated":true}]}}