{"id":108722,"date":"2024-06-03T16:48:29","date_gmt":"2024-06-03T11:48:29","guid":{"rendered":"https:\/\/zamanturkmenistan.com.tm\/?p=108722"},"modified":"2024-06-03T16:49:04","modified_gmt":"2024-06-03T11:49:04","slug":"prezident-saylawlarynda-yenis-gazandy-4","status":"publish","type":"post","link":"https:\/\/zamanturkmenistan.com.tm\/?p=108722","title":{"rendered":"Prezident sa\u00fdlawlarynda \u00fde\u0148i\u015f gazandy"},"content":{"rendered":"<p>2-nji i\u00fdunda Islandi\u00fdada ge\u00e7irilen Prezident sa\u00fdlawlarynda i\u015few\u00fcr Halla Tomasdottir sesleri\u0148 34,3 g\u00f6terimine e\u00fde bolup, \u00fde\u0148i\u015f gazandy. Onu\u0148 i\u0148 \u00fdakyn b\u00e4sde\u015fi, \u00f6\u0148ki Prem\u00fder-ministr Katrin \u00ddakobsdottir bolsa, 25,7 g\u00f6terim sese e\u00fde boldy. \u00dc\u00e7\u00fcnji orunda 15,5 g\u00f6terim ses bilen Islandi\u00fdany\u0148 Milli energetika edarasyny\u0148 ba\u015f m\u00fcdiri Halla Hrund Logadottip gel\u00fd\u00e4r. Sa\u00fdlawlara gatna\u015fyk 78,83 g\u00f6terime de\u0148 boldy.<br \/>\nIkinji gezek Prezidentlige dala\u015f eden Tomasdottir, d\u00f6rt \u00fdyllyk m\u00f6hletinden so\u0148 i\u015finden \u00e7ekilen Gw\u00fdudni Torlasius \u00ddougannessony\u0148 \u00fderine ge\u00e7di. Tomasdottir Islandi\u00fda \u00fdolba\u015f\u00e7ylyk eden ikinji zenan bolar. 2024-nji \u00fdylda i\u0148 \u00fdokary wezipe \u00fc\u00e7in 12 adam b\u00e4sle\u015fip, bu \u00fdurdu\u0148 taryhynda rekord derejedir.<br \/>\nIslandi\u00fdada sa\u00fdlawlar bir tapgyrda ge\u00e7iril\u00fd\u00e4r we i\u0148 k\u00f6p ses alan dala\u015fg\u00e4r Prezidentlige sa\u00fdlan\u00fdar. Islandi\u00fdany\u0148 35 \u00fda\u015fa \u00fdeten ra\u00fdaty d\u00f6wlet Ba\u015ftutany bolup bil\u00fd\u00e4r. H\u00e4zirki wagtda \u00ddewropany\u0148 i\u0148 az ilatly bu \u00fdurdunda 380 m\u00fc\u0148 adam \u00fda\u015fap, olary\u0148 250 m\u00fc\u0148den gowragyny\u0148 ses berm\u00e4ge hukugy bar.<\/p>\n","protected":false},"excerpt":{"rendered":"<p>2-nji i\u00fdunda Islandi\u00fdada ge\u00e7irilen Prezident sa\u00fdlawlarynda i\u015few\u00fcr Halla Tomasdottir sesleri\u0148 34,3 g\u00f6terimine e\u00fde bolup, \u00fde\u0148i\u015f gazandy. Onu\u0148 i\u0148 \u00fdakyn b\u00e4sde\u015fi, \u00f6\u0148ki Prem\u00fder-ministr Katrin \u00ddakobsdottir bolsa, 25,7 g\u00f6terim sese e\u00fde boldy. \u00dc\u00e7\u00fcnji orunda 15,5 g\u00f6terim ses bilen Islandi\u00fdany\u0148 Milli energetika edarasyny\u0148 ba\u015f m\u00fcdiri Halla Hrund Logadottip gel\u00fd\u00e4r. Sa\u00fdlawlara gatna\u015fyk 78,83 g\u00f6terime de\u0148 boldy. Ikinji gezek Prezidentlige [&hellip;]<\/p>\n","protected":false},"author":2,"featured_media":108724,"comment_status":"open","ping_status":"closed","sticky":false,"template":"","format":"standard","meta":{"footnotes":""},"categories":[5],"tags":[],"acf":[],"_links":{"self":[{"href":"https:\/\/zamanturkmenistan.com.tm\/index.php?rest_route=\/wp\/v2\/posts\/108722"}],"collection":[{"href":"https:\/\/zamanturkmenistan.com.tm\/index.php?rest_route=\/wp\/v2\/posts"}],"about":[{"href":"https:\/\/zamanturkmenistan.com.tm\/index.php?rest_route=\/wp\/v2\/types\/post"}],"author":[{"embeddable":true,"href":"https:\/\/zamanturkmenistan.com.tm\/index.php?rest_route=\/wp\/v2\/users\/2"}],"replies":[{"embeddable":true,"href":"https:\/\/zamanturkmenistan.com.tm\/index.php?rest_route=%2Fwp%2Fv2%2Fcomments&post=108722"}],"version-history":[{"count":1,"href":"https:\/\/zamanturkmenistan.com.tm\/index.php?rest_route=\/wp\/v2\/posts\/108722\/revisions"}],"predecessor-version":[{"id":108725,"href":"https:\/\/zamanturkmenistan.com.tm\/index.php?rest_route=\/wp\/v2\/posts\/108722\/revisions\/108725"}],"wp:featuredmedia":[{"embeddable":true,"href":"https:\/\/zamanturkmenistan.com.tm\/index.php?rest_route=\/wp\/v2\/media\/108724"}],"wp:attachment":[{"href":"https:\/\/zamanturkmenistan.com.tm\/index.php?rest_route=%2Fwp%2Fv2%2Fmedia&parent=108722"}],"wp:term":[{"taxonomy":"category","embeddable":true,"href":"https:\/\/zamanturkmenistan.com.tm\/index.php?rest_route=%2Fwp%2Fv2%2Fcategories&post=108722"},{"taxonomy":"post_tag","embeddable":true,"href":"https:\/\/zamanturkmenistan.com.tm\/index.php?rest_route=%2Fwp%2Fv2%2Ftags&post=108722"}],"curies":[{"name":"wp","href":"https:\/\/api.w.org\/{rel}","templated":true}]}}