{"id":108798,"date":"2024-06-04T13:14:57","date_gmt":"2024-06-04T08:14:57","guid":{"rendered":"https:\/\/zamanturkmenistan.com.tm\/?p=108798"},"modified":"2024-06-04T13:14:57","modified_gmt":"2024-06-04T08:14:57","slug":"erdogan-turkmenistanyn-gazynyn-yewropa-akdyrylmagy-dine-wagta-bagly","status":"publish","type":"post","link":"https:\/\/zamanturkmenistan.com.tm\/?p=108798","title":{"rendered":"Erdogan: T\u00fcrkmenistany\u0148 gazyny\u0148 \u00ddewropa akdyrylmagy di\u0148e wagta bagly"},"content":{"rendered":"<p>Bakuda 29-njy Halkara Hazar nebit we tebigy gaz forumy ge\u00e7iril\u00fd\u00e4r. 4-6-njy i\u00fdunda ge\u00e7iril\u00fd\u00e4n halkara serg\u00e4 bu pudakda i\u015f alyp bar\u00fdan d\u00fcn\u00fd\u00e4ni\u0148 iri kompani\u00fdalary gatna\u015f\u00fdar. Sergini\u0148 a\u00e7yly\u015f dabarasynda T\u00fcrki\u00fd\u00e4ni\u0148 Prezident Rejep Ta\u00fd\u00fdip Erdogan hem Gutlag iberdi. Gutlag hatyny bu \u00fdurdu\u0148 Energi\u00fda we tebigy ba\u00fdlyklar ministri Alparslan Ba\u00fdraktar okady. Gutlag hatynda \u201cT\u00fcrkmenistanda \u00f6nd\u00fcriljek gazy\u0148 bilelikd\u00e4ki tagallalarymyz bilen T\u00fcrki\u00fd\u00e4 we \u00ddewropa akdyrylmagy we TANAP-y\u0148 m\u00fcmkin\u00e7iligini gi\u0148eltmegi indi, di\u0148e wagt bilen baglydyr\u201d \u2013di\u00fdlip bellenil\u00fd\u00e4r.<br \/>\nMundan ba\u015fga-da Gutlag hatynda T\u00fcrki\u00fde bilen Azerba\u00fdjany\u0148 her ugurda bol\u015fy \u00fdaly energetika pudagynda hem berk gatna\u015fyklaryny\u0148 bardygy bellenilip, \u201cUzak \u00fdyllara da\u00fdan\u00fdan hem-de Baku-Tbilis-Je\u00fdhan, Baku-Tbilisi-Erzurum turba ge\u00e7irijileri we TANAP (\u201cThe Trans Anatolian Natural Gas Pipeline Project\u201d) \u00fdaly infrastruktura ma\u00fda go\u00fdumlary bilen berkiden gatna\u015fyklarymyz di\u0148e T\u00fcrki\u00fd\u00e4 bilen Azerba\u00fdjana d\u00e4l, sebiti\u0148 we \u00ddewropany\u0148 energi\u00fda howpsuzlygyna-da \u00e4hmi\u00fdetli go\u015fant go\u015fdy\u201d di\u00fdil\u00fd\u00e4r.<\/p>\n","protected":false},"excerpt":{"rendered":"<p>Bakuda 29-njy Halkara Hazar nebit we tebigy gaz forumy ge\u00e7iril\u00fd\u00e4r. 4-6-njy i\u00fdunda ge\u00e7iril\u00fd\u00e4n halkara serg\u00e4 bu pudakda i\u015f alyp bar\u00fdan d\u00fcn\u00fd\u00e4ni\u0148 iri kompani\u00fdalary gatna\u015f\u00fdar. Sergini\u0148 a\u00e7yly\u015f dabarasynda T\u00fcrki\u00fd\u00e4ni\u0148 Prezident Rejep Ta\u00fd\u00fdip Erdogan hem Gutlag iberdi. Gutlag hatyny bu \u00fdurdu\u0148 Energi\u00fda we tebigy ba\u00fdlyklar ministri Alparslan Ba\u00fdraktar okady. Gutlag hatynda \u201cT\u00fcrkmenistanda \u00f6nd\u00fcriljek gazy\u0148 bilelikd\u00e4ki tagallalarymyz bilen [&hellip;]<\/p>\n","protected":false},"author":2,"featured_media":108799,"comment_status":"open","ping_status":"closed","sticky":false,"template":"","format":"standard","meta":{"footnotes":""},"categories":[5],"tags":[],"acf":[],"_links":{"self":[{"href":"https:\/\/zamanturkmenistan.com.tm\/index.php?rest_route=\/wp\/v2\/posts\/108798"}],"collection":[{"href":"https:\/\/zamanturkmenistan.com.tm\/index.php?rest_route=\/wp\/v2\/posts"}],"about":[{"href":"https:\/\/zamanturkmenistan.com.tm\/index.php?rest_route=\/wp\/v2\/types\/post"}],"author":[{"embeddable":true,"href":"https:\/\/zamanturkmenistan.com.tm\/index.php?rest_route=\/wp\/v2\/users\/2"}],"replies":[{"embeddable":true,"href":"https:\/\/zamanturkmenistan.com.tm\/index.php?rest_route=%2Fwp%2Fv2%2Fcomments&post=108798"}],"version-history":[{"count":1,"href":"https:\/\/zamanturkmenistan.com.tm\/index.php?rest_route=\/wp\/v2\/posts\/108798\/revisions"}],"predecessor-version":[{"id":108800,"href":"https:\/\/zamanturkmenistan.com.tm\/index.php?rest_route=\/wp\/v2\/posts\/108798\/revisions\/108800"}],"wp:featuredmedia":[{"embeddable":true,"href":"https:\/\/zamanturkmenistan.com.tm\/index.php?rest_route=\/wp\/v2\/media\/108799"}],"wp:attachment":[{"href":"https:\/\/zamanturkmenistan.com.tm\/index.php?rest_route=%2Fwp%2Fv2%2Fmedia&parent=108798"}],"wp:term":[{"taxonomy":"category","embeddable":true,"href":"https:\/\/zamanturkmenistan.com.tm\/index.php?rest_route=%2Fwp%2Fv2%2Fcategories&post=108798"},{"taxonomy":"post_tag","embeddable":true,"href":"https:\/\/zamanturkmenistan.com.tm\/index.php?rest_route=%2Fwp%2Fv2%2Ftags&post=108798"}],"curies":[{"name":"wp","href":"https:\/\/api.w.org\/{rel}","templated":true}]}}