{"id":108849,"date":"2024-06-05T10:59:05","date_gmt":"2024-06-05T05:59:05","guid":{"rendered":"https:\/\/zamanturkmenistan.com.tm\/?p=108849"},"modified":"2024-06-05T10:59:05","modified_gmt":"2024-06-05T05:59:05","slug":"turkmenistanda-cehiya-respublikasynyn-adatdan-dasary-we-doly-ygtyyarly-ilcisi-ise-baslady","status":"publish","type":"post","link":"https:\/\/zamanturkmenistan.com.tm\/?p=108849","title":{"rendered":"T\u00fcrkmenistanda \u00c7ehi\u00fda Respublikasyny\u0148 Adatdan da\u015fary we Doly ygty\u00fdarly il\u00e7isi i\u015fe ba\u015flady"},"content":{"rendered":"<p>4-nji i\u00fdunda hormatly Prezidentimiz Serdar Berdimuhamedowy\u0148 tab\u015fyrygy bo\u00fdun\u00e7a Mejlisi\u0148 Ba\u015flygy D.Gulmanowa \u00c7ehi\u00fda Respublikasyny\u0148 T\u00fcrkmenistandaky Adatdan da\u015fary we Doly ygty\u00fdarly il\u00e7isi L\u00fdubomir Frebortdan ynan\u00e7 hatyny kabul etdi.<\/p>\n<p>Mejlisi\u0148 Ba\u015flygy T\u00fcrkmenistany\u0148 Prezidentini\u0148 adyndan il\u00e7ini jogapk\u00e4rli diplomatik wezip\u00e4 bellenilmegi bilen gutlap, ikitarapla\u00fdyn we k\u00f6ptarapla\u00fdyn esasda \u00fcst\u00fcnlikli \u00f6sd\u00fcril\u00fd\u00e4n dostlukly gatna\u015fyklary\u0148, netijeli d\u00f6wletara dialogy\u0148 pugtalandyrylmagyna g\u00f6n\u00fckdirilen i\u015finde \u00fcst\u00fcnlikleri arzuw etdi.<\/p>\n<p>T\u00fcrkmen topragynda m\u00e4hirli kabul edilendigi \u00fc\u00e7in ho\u015fallyk bildirip, L\u00fdubomir Frebort hormatly Prezidentimiz Serdar Berdimuhamedowa \u00c7ehi\u00fda Respublikasyny\u0148 \u00fdolba\u015f\u00e7ylaryny\u0148 i\u0148 gowy arzuwlaryny \u00fdetirdi.<\/p>\n<p>Il\u00e7i parahat\u00e7ylyk s\u00f6\u00fd\u00fcjilikli da\u015fary sy\u00fdasaty hem-de o\u0148yn ba\u015flangy\u00e7lary bilen halkara derejede uly abra\u00fda e\u00fde bolan T\u00fcrkmenistanda \u00f6z \u00fdurduna wekil\u00e7ilik etmegi\u0148 belent mertebedigini a\u00fddyp, iki \u00fdurdu\u0148 hem-de dostlukly halklary\u0148 b\u00e4hbidine t\u00fcrkmen-\u00e7eh hyzmatda\u015flygyny gi\u0148eltmek \u00fc\u00e7in tejribesini ga\u00fdgyrmajakdygyna ynandyrdy.<\/p>\n<p>S\u00f6hbetde\u015fligi\u0148 dowamynda doly ygty\u00fdarly wekil T\u00fcrkmenistany\u0148 Prezidentini\u0148 alyp bar\u00fdan i\u00e7eri we da\u015fary sy\u00fdasatyny\u0148 ileri tutul\u00fdan ugurlary bilen tany\u015fdyryldy. O\u0148yn Bitaraplyk, de\u0148hukuklylyk, \u00f6zara b\u00e4hbitli hyzmatda\u015flyk \u00fd\u00f6relgelerine esaslan\u00fdan strategi\u00fdany yzygiderli durmu\u015fa ge\u00e7irmek bu sy\u00fdasaty\u0148 wajyp ugrudyr. Ikitarapla\u00fdyn gatna\u015fyklary gi\u0148eltmegi\u0148 geljekki m\u00fcmkin\u00e7ilikleri barada pikir aly\u015fmalary\u0148 bar\u015fynda s\u00f6wda-ykdysady, medeni-ynsanperwer ugurlarda, parlamentleri\u0148 derejesinde hyzmatda\u015flygy \u00f6sd\u00fcrmekde gazanylan netijeleri\u0148 m\u00f6h\u00fcmdigi nygtaldy.<\/p>\n<p>Du\u015fu\u015fygy\u0148 ahyrynda \u00c7ehi\u00fda Respublikasyny\u0148 T\u00fcrkmenistandaky Adatdan da\u015fary we Doly ygty\u00fdarly il\u00e7isi iki \u00fdurdu\u0148 b\u00e4hbitlerine la\u00fdyk gel\u00fd\u00e4n netijeli hyzmatda\u015flygy mundan be\u00fdl\u00e4k-de \u00f6sd\u00fcrmek \u00fc\u00e7in \u00e4hli tagallalary etjekdigine \u00fdene-de bir gezek ynandyrdy.<\/p>\n<p>***<\/p>\n<p><strong>Onu\u0148 Alyhezreti,\u00a0<\/strong><\/p>\n<p><strong>T\u00fcrkmenistany\u0148 Prezidenti<\/strong><\/p>\n<p><strong>jenap Serdar Berdimuhamedowa<\/strong><\/p>\n<p><strong>Sizi\u0148 Alyhezreti\u0148iz!<\/strong><\/p>\n<p>\u00ddurtlarymyzy\u0148 arasyndaky dostlukly gatna\u015fyklary gi\u0148eltmek we pugtalandyrmak maksady bilen, men L\u00fdubomir Freborty \u00c7ehi\u00fda Respublikasyny\u0148 T\u00fcrkmenistandaky Adatdan da\u015fary we Doly ygty\u00fdarly il\u00e7isi wezipesine belledim. Onu\u0148 ukyp-ba\u015farnyklary \u00f6z \u00fcst\u00fcne \u00fd\u00fcklenen \u00fdokary wezip\u00e4ni Sizi\u0148 ynamy\u0148yza we meni\u0148 makullamagyma mynasyp derejede \u00fderine \u00fdetirjekdigine ynam d\u00f6red\u00fd\u00e4r. \u015eunu\u0148 bilen baglylykda, ony ho\u015fni\u00fdetli kabul etmegi\u0148izi hem-de Sizi\u0148 Alyhezreti\u0148ize meni\u0148 adymdan, \u00c7ehi\u00fda Respublikasyny\u0148 H\u00f6k\u00fcmetini\u0148 adyndan \u00e4hli be\u00fdan etjeklerine ynanmagy\u0148yzy ha\u00fdy\u015f ed\u00fd\u00e4rin.<\/p>\n<p>Pursatdan pe\u00fddalanyp, Sizi\u0148 Alyhezreti\u0148ize rowa\u00e7lyk, T\u00fcrkmenistany\u0148 halkyna abadan\u00e7ylyk baradaky i\u0148 gowy arzuwlarymy be\u00fdan ed\u00fd\u00e4rin.<\/p>\n<p><strong>Petr Pawel,<\/strong><\/p>\n<p><strong>\u00c7ehi\u00fda Respublikasyny\u0148 Prezidenti.<\/strong><\/p>\n","protected":false},"excerpt":{"rendered":"<p>4-nji i\u00fdunda hormatly Prezidentimiz Serdar Berdimuhamedowy\u0148 tab\u015fyrygy bo\u00fdun\u00e7a Mejlisi\u0148 Ba\u015flygy D.Gulmanowa \u00c7ehi\u00fda Respublikasyny\u0148 T\u00fcrkmenistandaky Adatdan da\u015fary we Doly ygty\u00fdarly il\u00e7isi L\u00fdubomir Frebortdan ynan\u00e7 hatyny kabul etdi. Mejlisi\u0148 Ba\u015flygy T\u00fcrkmenistany\u0148 Prezidentini\u0148 adyndan il\u00e7ini jogapk\u00e4rli diplomatik wezip\u00e4 bellenilmegi bilen gutlap, ikitarapla\u00fdyn we k\u00f6ptarapla\u00fdyn esasda \u00fcst\u00fcnlikli \u00f6sd\u00fcril\u00fd\u00e4n dostlukly gatna\u015fyklary\u0148, netijeli d\u00f6wletara dialogy\u0148 pugtalandyrylmagyna g\u00f6n\u00fckdirilen i\u015finde \u00fcst\u00fcnlikleri arzuw etdi. [&hellip;]<\/p>\n","protected":false},"author":2,"featured_media":75106,"comment_status":"open","ping_status":"closed","sticky":false,"template":"","format":"standard","meta":{"footnotes":""},"categories":[3],"tags":[],"acf":[],"_links":{"self":[{"href":"https:\/\/zamanturkmenistan.com.tm\/index.php?rest_route=\/wp\/v2\/posts\/108849"}],"collection":[{"href":"https:\/\/zamanturkmenistan.com.tm\/index.php?rest_route=\/wp\/v2\/posts"}],"about":[{"href":"https:\/\/zamanturkmenistan.com.tm\/index.php?rest_route=\/wp\/v2\/types\/post"}],"author":[{"embeddable":true,"href":"https:\/\/zamanturkmenistan.com.tm\/index.php?rest_route=\/wp\/v2\/users\/2"}],"replies":[{"embeddable":true,"href":"https:\/\/zamanturkmenistan.com.tm\/index.php?rest_route=%2Fwp%2Fv2%2Fcomments&post=108849"}],"version-history":[{"count":1,"href":"https:\/\/zamanturkmenistan.com.tm\/index.php?rest_route=\/wp\/v2\/posts\/108849\/revisions"}],"predecessor-version":[{"id":108850,"href":"https:\/\/zamanturkmenistan.com.tm\/index.php?rest_route=\/wp\/v2\/posts\/108849\/revisions\/108850"}],"wp:featuredmedia":[{"embeddable":true,"href":"https:\/\/zamanturkmenistan.com.tm\/index.php?rest_route=\/wp\/v2\/media\/75106"}],"wp:attachment":[{"href":"https:\/\/zamanturkmenistan.com.tm\/index.php?rest_route=%2Fwp%2Fv2%2Fmedia&parent=108849"}],"wp:term":[{"taxonomy":"category","embeddable":true,"href":"https:\/\/zamanturkmenistan.com.tm\/index.php?rest_route=%2Fwp%2Fv2%2Fcategories&post=108849"},{"taxonomy":"post_tag","embeddable":true,"href":"https:\/\/zamanturkmenistan.com.tm\/index.php?rest_route=%2Fwp%2Fv2%2Ftags&post=108849"}],"curies":[{"name":"wp","href":"https:\/\/api.w.org\/{rel}","templated":true}]}}