{"id":108851,"date":"2024-06-05T11:01:20","date_gmt":"2024-06-05T06:01:20","guid":{"rendered":"https:\/\/zamanturkmenistan.com.tm\/?p=108851"},"modified":"2024-06-05T11:01:20","modified_gmt":"2024-06-05T06:01:20","slug":"turkmenistanyn-gruziyadaky-ilcisi-gruziyanyn-bilim-ylym-we-yaslar-ministri-bilen-dususdy","status":"publish","type":"post","link":"https:\/\/zamanturkmenistan.com.tm\/?p=108851","title":{"rendered":"T\u00fcrkmenistany\u0148 Gruzi\u00fdadaky il\u00e7isi Gruzi\u00fdany\u0148 Bilim, ylym we \u00fda\u015flar ministri bilen du\u015fu\u015fdy"},"content":{"rendered":"<p>4-nji i\u00fdunda T\u00fcrkmenistany\u0148 Gruzi\u00fdadaky Adatdan da\u015fary we Doly ygty\u00fdarly il\u00e7isi D.Se\u00fditm\u00e4mmedow bilen Gruzi\u00fdany\u0148 Bilim, ylym we \u00fda\u015flar ministri G.Amilahwarini\u0148 arasynda du\u015fu\u015fyk ge\u00e7irildi.<br \/>\nDu\u015fu\u015fykda taraplar ylym, bilim we \u00fda\u015flar sy\u00fdasaty \u00fdaly ugurlar bo\u00fdun\u00e7a ikitarapla\u00fdyn hyzmatda\u015flygy\u0148 h\u00e4zirki \u00fdagda\u00fdyny we mundan be\u00fdl\u00e4k hem \u00f6sd\u00fcrmegi\u0148 m\u00fcmkin\u00e7iliklerini ara alyp maslahatla\u015fdylar.<br \/>\n\u015ee\u00fdle-de bilelikd\u00e4ki taslamalary, maksatnamalary ta\u00fd\u00fdarlamak, T\u00fcrkmenistanda we Gruzi\u00fdada ge\u00e7iril\u00fd\u00e4n halkara olimpiadalara, konferensi\u00fdalara, seminarlara we be\u00fdleki \u00e7\u00e4relere mekdep okuw\u00e7ylary\u0148 we talyplary\u0148 gatna\u015fmaklaryny\u0148 hem-de iki \u00fdurdu\u0148 \u00fdokary okuw mekdeplerini\u0148 arasynda hyzmatda\u015flyk etmek hakynda ylala\u015fyklara gol \u00e7ekmek meselelerine garaldy.<br \/>\nG.Amilahwari ylmy-bilim pudagy d\u00f6wletara gatna\u015fyklaryny\u0148 ileri tutul\u00fdan ugurlaryny\u0148 biridigini a\u00fdtdy. \u015ee\u00fdle hem ol, bu ugurdaky gatna\u015fyklar iki \u00fdurdu\u0148 halklaryny\u0148 dostlugyny berkid\u00fd\u00e4ndigini we \u00f6zara d\u00fc\u015f\u00fcni\u015fmegi\u0148 esasy seri\u015fdelerini\u0148 biri h\u00f6km\u00fcnde \u00e7yky\u015f ed\u00fd\u00e4ndigini bell\u00e4p ge\u00e7di.<\/p>\n","protected":false},"excerpt":{"rendered":"<p>4-nji i\u00fdunda T\u00fcrkmenistany\u0148 Gruzi\u00fdadaky Adatdan da\u015fary we Doly ygty\u00fdarly il\u00e7isi D.Se\u00fditm\u00e4mmedow bilen Gruzi\u00fdany\u0148 Bilim, ylym we \u00fda\u015flar ministri G.Amilahwarini\u0148 arasynda du\u015fu\u015fyk ge\u00e7irildi. Du\u015fu\u015fykda taraplar ylym, bilim we \u00fda\u015flar sy\u00fdasaty \u00fdaly ugurlar bo\u00fdun\u00e7a ikitarapla\u00fdyn hyzmatda\u015flygy\u0148 h\u00e4zirki \u00fdagda\u00fdyny we mundan be\u00fdl\u00e4k hem \u00f6sd\u00fcrmegi\u0148 m\u00fcmkin\u00e7iliklerini ara alyp maslahatla\u015fdylar. \u015ee\u00fdle-de bilelikd\u00e4ki taslamalary, maksatnamalary ta\u00fd\u00fdarlamak, T\u00fcrkmenistanda we Gruzi\u00fdada ge\u00e7iril\u00fd\u00e4n halkara [&hellip;]<\/p>\n","protected":false},"author":2,"featured_media":108852,"comment_status":"open","ping_status":"closed","sticky":false,"template":"","format":"standard","meta":{"footnotes":""},"categories":[3],"tags":[],"acf":[],"_links":{"self":[{"href":"https:\/\/zamanturkmenistan.com.tm\/index.php?rest_route=\/wp\/v2\/posts\/108851"}],"collection":[{"href":"https:\/\/zamanturkmenistan.com.tm\/index.php?rest_route=\/wp\/v2\/posts"}],"about":[{"href":"https:\/\/zamanturkmenistan.com.tm\/index.php?rest_route=\/wp\/v2\/types\/post"}],"author":[{"embeddable":true,"href":"https:\/\/zamanturkmenistan.com.tm\/index.php?rest_route=\/wp\/v2\/users\/2"}],"replies":[{"embeddable":true,"href":"https:\/\/zamanturkmenistan.com.tm\/index.php?rest_route=%2Fwp%2Fv2%2Fcomments&post=108851"}],"version-history":[{"count":1,"href":"https:\/\/zamanturkmenistan.com.tm\/index.php?rest_route=\/wp\/v2\/posts\/108851\/revisions"}],"predecessor-version":[{"id":108853,"href":"https:\/\/zamanturkmenistan.com.tm\/index.php?rest_route=\/wp\/v2\/posts\/108851\/revisions\/108853"}],"wp:featuredmedia":[{"embeddable":true,"href":"https:\/\/zamanturkmenistan.com.tm\/index.php?rest_route=\/wp\/v2\/media\/108852"}],"wp:attachment":[{"href":"https:\/\/zamanturkmenistan.com.tm\/index.php?rest_route=%2Fwp%2Fv2%2Fmedia&parent=108851"}],"wp:term":[{"taxonomy":"category","embeddable":true,"href":"https:\/\/zamanturkmenistan.com.tm\/index.php?rest_route=%2Fwp%2Fv2%2Fcategories&post=108851"},{"taxonomy":"post_tag","embeddable":true,"href":"https:\/\/zamanturkmenistan.com.tm\/index.php?rest_route=%2Fwp%2Fv2%2Ftags&post=108851"}],"curies":[{"name":"wp","href":"https:\/\/api.w.org\/{rel}","templated":true}]}}