{"id":108929,"date":"2024-06-05T19:16:48","date_gmt":"2024-06-05T14:16:48","guid":{"rendered":"https:\/\/zamanturkmenistan.com.tm\/?p=108929"},"modified":"2024-06-05T19:16:48","modified_gmt":"2024-06-05T14:16:48","slug":"cehiyanyn-turkmenistanda-taze-bellenen-ilcisi-bilen-dususyk-gecirildi","status":"publish","type":"post","link":"https:\/\/zamanturkmenistan.com.tm\/?p=108929","title":{"rendered":"\u00c7ehi\u00fdany\u0148 T\u00fcrkmenistanda t\u00e4ze bellenen Il\u00e7isi bilen du\u015fu\u015fyk ge\u00e7irildi"},"content":{"rendered":"<p>4-nji i\u00fdunda T\u00fcrkmenistany\u0148 Da\u015fary i\u015fler ministrini\u0148 orunbasary M\u00e4hri B\u00e4\u015fimowa \u00c7ehi\u00fda Respublikasyny\u0148 T\u00fcrkmenistanda t\u00e4ze bellenen Il\u00e7isi (otur\u00fdan \u00fderi Da\u015fkent \u015f.) L\u00fdubomir Frebort bilen du\u015fu\u015fyk ge\u00e7irdi we ondan ynan\u00e7 hatyny\u0148 nusgasyny kabul etdi.<br \/>\nM.B\u00e4\u015fimowa Il\u00e7ini jogapk\u00e4rli diplomatik wezip\u00e4 bellenmegi bilen gutlady we t\u00fcrkmen tarapyny\u0148 onu\u0148 diplomatik i\u015finde gerekli goldawy we \u00fdardamlary berm\u00e4ge ta\u00fd\u00fdardygyny be\u00fdan etdi.<br \/>\nDu\u015fu\u015fygy\u0148 dowamynda taraplar d\u00f6wletara gatna\u015fyklaryny\u0148 d\u00fcrli ugurlaryny \u00f6z i\u00e7ine al\u00fdan t\u00fcrkmen-\u00e7eh gatna\u015fyklaryny\u0148 g\u00fcn tertibini ara alyp maslahatla\u015fdylar. S\u00f6hbetde\u015fler abra\u00fdly halkara we sebit guramalaryny\u0148 \u00e7\u00e4klerind\u00e4ki k\u00f6ptarapla\u00fdyn hyzmatda\u015flygy\u0148 o\u0148yn tejribesini bell\u00e4p ge\u00e7diler.<br \/>\nIkitarapla\u00fdyn gatna\u015fyklary \u00f6sd\u00fcrmegi\u0148 geljegi barada pikir al\u015fylanda s\u00f6wda-ykdysady we medeni-ynsanperwer gatna\u015fyklary g\u00fc\u00fd\u00e7lendirmek, esasan hem bilim we medeni\u00fdet pudaklaryndaky \u00f6zara hyzmatda\u015flygy i\u015fje\u0148le\u015fdirmek \u00fc\u00e7in uly m\u00fcmkin\u00e7ilikleri\u0148 bardygy bellenildi.<br \/>\nHyzmatda\u015flygy\u0148 \u015fertnama-hukuk bin\u00fdadyny k\u00e4mille\u015fdirmek hem ileri tutul\u00fdan ugurlary\u0148 biri h\u00f6km\u00fcnde kesgitlenildi.<\/p>\n","protected":false},"excerpt":{"rendered":"<p>4-nji i\u00fdunda T\u00fcrkmenistany\u0148 Da\u015fary i\u015fler ministrini\u0148 orunbasary M\u00e4hri B\u00e4\u015fimowa \u00c7ehi\u00fda Respublikasyny\u0148 T\u00fcrkmenistanda t\u00e4ze bellenen Il\u00e7isi (otur\u00fdan \u00fderi Da\u015fkent \u015f.) L\u00fdubomir Frebort bilen du\u015fu\u015fyk ge\u00e7irdi we ondan ynan\u00e7 hatyny\u0148 nusgasyny kabul etdi. M.B\u00e4\u015fimowa Il\u00e7ini jogapk\u00e4rli diplomatik wezip\u00e4 bellenmegi bilen gutlady we t\u00fcrkmen tarapyny\u0148 onu\u0148 diplomatik i\u015finde gerekli goldawy we \u00fdardamlary berm\u00e4ge ta\u00fd\u00fdardygyny be\u00fdan etdi. Du\u015fu\u015fygy\u0148 dowamynda [&hellip;]<\/p>\n","protected":false},"author":2,"featured_media":108936,"comment_status":"open","ping_status":"closed","sticky":false,"template":"","format":"standard","meta":{"footnotes":""},"categories":[3],"tags":[],"acf":[],"_links":{"self":[{"href":"https:\/\/zamanturkmenistan.com.tm\/index.php?rest_route=\/wp\/v2\/posts\/108929"}],"collection":[{"href":"https:\/\/zamanturkmenistan.com.tm\/index.php?rest_route=\/wp\/v2\/posts"}],"about":[{"href":"https:\/\/zamanturkmenistan.com.tm\/index.php?rest_route=\/wp\/v2\/types\/post"}],"author":[{"embeddable":true,"href":"https:\/\/zamanturkmenistan.com.tm\/index.php?rest_route=\/wp\/v2\/users\/2"}],"replies":[{"embeddable":true,"href":"https:\/\/zamanturkmenistan.com.tm\/index.php?rest_route=%2Fwp%2Fv2%2Fcomments&post=108929"}],"version-history":[{"count":1,"href":"https:\/\/zamanturkmenistan.com.tm\/index.php?rest_route=\/wp\/v2\/posts\/108929\/revisions"}],"predecessor-version":[{"id":108937,"href":"https:\/\/zamanturkmenistan.com.tm\/index.php?rest_route=\/wp\/v2\/posts\/108929\/revisions\/108937"}],"wp:featuredmedia":[{"embeddable":true,"href":"https:\/\/zamanturkmenistan.com.tm\/index.php?rest_route=\/wp\/v2\/media\/108936"}],"wp:attachment":[{"href":"https:\/\/zamanturkmenistan.com.tm\/index.php?rest_route=%2Fwp%2Fv2%2Fmedia&parent=108929"}],"wp:term":[{"taxonomy":"category","embeddable":true,"href":"https:\/\/zamanturkmenistan.com.tm\/index.php?rest_route=%2Fwp%2Fv2%2Fcategories&post=108929"},{"taxonomy":"post_tag","embeddable":true,"href":"https:\/\/zamanturkmenistan.com.tm\/index.php?rest_route=%2Fwp%2Fv2%2Ftags&post=108929"}],"curies":[{"name":"wp","href":"https:\/\/api.w.org\/{rel}","templated":true}]}}