{"id":108939,"date":"2024-06-06T13:44:27","date_gmt":"2024-06-06T08:44:27","guid":{"rendered":"https:\/\/zamanturkmenistan.com.tm\/?p=108939"},"modified":"2024-06-06T13:44:27","modified_gmt":"2024-06-06T08:44:27","slug":"turkmenistanyn-dasary-isler-ministri-bilen-bmg-nin-cagalar-gaznasynyn-turkmenistandaky-wekilhanasynyn-yolbascysynyn-arasynda-dususyk-gecirildi","status":"publish","type":"post","link":"https:\/\/zamanturkmenistan.com.tm\/?p=108939","title":{"rendered":"T\u00fcrkmenistany\u0148 Da\u015fary i\u015fler ministri bilen BMG-ni\u0148 \u00c7agalar Gaznasyny\u0148 T\u00fcrkmenistandaky wekilhanasyny\u0148 \u00fdolba\u015f\u00e7ysyny\u0148 arasynda du\u015fu\u015fyk ge\u00e7irildi"},"content":{"rendered":"<p>4-nji i\u00fdunda T\u00fcrkmenistany\u0148 Da\u015fary i\u015fler ministri Ra\u015fid Meredow bilen BMG-ni\u0148 \u00c7agalar Gaznasyny\u0148 (\u00ddUNISEF-ni\u0148) T\u00fcrkmenistandaky wekilhanasyny\u0148 \u00fdolba\u015f\u00e7ysy Mohammad Fa\u00fdazini\u0148 arasynda du\u015fu\u015fyk ge\u00e7irildi.<br \/>\nDu\u015fu\u015fygy\u0148 dowamynda Ministr Mohammad Fa\u00fdazini \u00ddUNISEF-ni\u0148 T\u00fcrkmenistandaky wekilhanasyny\u0148 \u00fdolba\u015f\u00e7ysy wezipesini \u00fcst\u00fcnlikli tamamlamagy bilen gutlady we minnetdarlyk bildirdi hem-de geljekde \u00fcst\u00fcnlikli, netijeli i\u015fleri arzuw etdi.<br \/>\nDiplomatlar h\u00e4zirki zaman meselelerini we uzak m\u00f6hletle\u00fdin hyzmatda\u015flygy\u0148 mundan be\u00fdl\u00e4k-de \u00f6sd\u00fcrilmegi \u00fc\u00e7in geljegi uly ugurlary ara alyp maslahatla\u015fyp, T\u00fcrkmenistan bilen BMG-ni\u0148 \u00c7agalar Gaznasyny\u0148 arasyndaky hyzmatda\u015flygy\u0148 \u00fdokary derejesini kanagatlanma bilen bellediler.<br \/>\nMundan ba\u015fga-da, taraplar ileri tutul\u00fdan ugurlary h\u00f6km\u00fcnde \u00e7agalary\u0148 b\u00e4hbidi \u00fc\u00e7in dolandyry\u015f, \u00e7agalary\u0148 saglygy, i\u00fdmitlenmegi we irki \u00f6s\u00fc\u015fi, \u00e7agalary\u0148 durmu\u015f goraglylygy we \u00fdokary hilli bilim \u00fdaly ugurlar kesgitlenilen \u00ddUNISEF-i\u0148 we T\u00fcrkmenistany\u0148 h\u00f6k\u00fcmetini\u0148 2021-2025-nji \u00fdyllar \u00fc\u00e7in \u00ddurt me\u00fdilnamasyny\u0148 durmu\u015fa ge\u00e7irili\u015fi bilen bagly meselelere seretdiler. Gurbanguly Berdimuhamedow adyndaky Howandarlyga m\u00e4t\u00e4\u00e7 \u00e7agalara hema\u00fdat bermek bo\u00fdun\u00e7a ha\u00fdyr-sahawat gaznasyny\u0148 saglygyny dikeltm\u00e4ge m\u00e4t\u00e4\u00e7 \u00e7agalara lukman\u00e7ylyk hyzmatlaryny bermekde alyp bar\u00fdan i\u015flerini\u0148 \u00e4hmi\u00fdeti bellendi<br \/>\nDu\u015fu\u015fygy\u0148 ahyrynda M.Fa\u00fdazi \u015fu \u00fdyllary\u0148 dowamynda \u00fdolba\u015f\u00e7ylyk ed\u00fd\u00e4n diplomatik missi\u00fdasyny\u0148 \u00fcst\u00fcnlikli i\u015finde berlen goldaw \u00fc\u00e7in minnetdarlyk bildirdi.<\/p>\n","protected":false},"excerpt":{"rendered":"<p>4-nji i\u00fdunda T\u00fcrkmenistany\u0148 Da\u015fary i\u015fler ministri Ra\u015fid Meredow bilen BMG-ni\u0148 \u00c7agalar Gaznasyny\u0148 (\u00ddUNISEF-ni\u0148) T\u00fcrkmenistandaky wekilhanasyny\u0148 \u00fdolba\u015f\u00e7ysy Mohammad Fa\u00fdazini\u0148 arasynda du\u015fu\u015fyk ge\u00e7irildi. Du\u015fu\u015fygy\u0148 dowamynda Ministr Mohammad Fa\u00fdazini \u00ddUNISEF-ni\u0148 T\u00fcrkmenistandaky wekilhanasyny\u0148 \u00fdolba\u015f\u00e7ysy wezipesini \u00fcst\u00fcnlikli tamamlamagy bilen gutlady we minnetdarlyk bildirdi hem-de geljekde \u00fcst\u00fcnlikli, netijeli i\u015fleri arzuw etdi. Diplomatlar h\u00e4zirki zaman meselelerini we uzak m\u00f6hletle\u00fdin hyzmatda\u015flygy\u0148 mundan be\u00fdl\u00e4k-de [&hellip;]<\/p>\n","protected":false},"author":2,"featured_media":108941,"comment_status":"open","ping_status":"closed","sticky":false,"template":"","format":"standard","meta":{"footnotes":""},"categories":[3],"tags":[],"acf":[],"_links":{"self":[{"href":"https:\/\/zamanturkmenistan.com.tm\/index.php?rest_route=\/wp\/v2\/posts\/108939"}],"collection":[{"href":"https:\/\/zamanturkmenistan.com.tm\/index.php?rest_route=\/wp\/v2\/posts"}],"about":[{"href":"https:\/\/zamanturkmenistan.com.tm\/index.php?rest_route=\/wp\/v2\/types\/post"}],"author":[{"embeddable":true,"href":"https:\/\/zamanturkmenistan.com.tm\/index.php?rest_route=\/wp\/v2\/users\/2"}],"replies":[{"embeddable":true,"href":"https:\/\/zamanturkmenistan.com.tm\/index.php?rest_route=%2Fwp%2Fv2%2Fcomments&post=108939"}],"version-history":[{"count":1,"href":"https:\/\/zamanturkmenistan.com.tm\/index.php?rest_route=\/wp\/v2\/posts\/108939\/revisions"}],"predecessor-version":[{"id":108942,"href":"https:\/\/zamanturkmenistan.com.tm\/index.php?rest_route=\/wp\/v2\/posts\/108939\/revisions\/108942"}],"wp:featuredmedia":[{"embeddable":true,"href":"https:\/\/zamanturkmenistan.com.tm\/index.php?rest_route=\/wp\/v2\/media\/108941"}],"wp:attachment":[{"href":"https:\/\/zamanturkmenistan.com.tm\/index.php?rest_route=%2Fwp%2Fv2%2Fmedia&parent=108939"}],"wp:term":[{"taxonomy":"category","embeddable":true,"href":"https:\/\/zamanturkmenistan.com.tm\/index.php?rest_route=%2Fwp%2Fv2%2Fcategories&post=108939"},{"taxonomy":"post_tag","embeddable":true,"href":"https:\/\/zamanturkmenistan.com.tm\/index.php?rest_route=%2Fwp%2Fv2%2Ftags&post=108939"}],"curies":[{"name":"wp","href":"https:\/\/api.w.org\/{rel}","templated":true}]}}