{"id":109315,"date":"2024-06-10T16:34:20","date_gmt":"2024-06-10T11:34:20","guid":{"rendered":"https:\/\/zamanturkmenistan.com.tm\/?p=109315"},"modified":"2024-06-10T16:34:20","modified_gmt":"2024-06-10T11:34:20","slug":"asgabatda-turkmen-korey-yokary-derejedaki-geplesikler-baslandy-2","status":"publish","type":"post","link":"https:\/\/zamanturkmenistan.com.tm\/?p=109315","title":{"rendered":"A\u015fgabatda t\u00fcrkmen-kore\u00fd \u00fdokary derejed\u00e4ki geple\u015fikler ba\u015flandy"},"content":{"rendered":"<p>A\u015fgabatda hormatly Prezidentimiz Serdar Berdimuhamedow bilen \u00fdurdumyza iki g\u00fcnl\u00fck d\u00f6wlet sapary amala a\u015fyr\u00fdan Kore\u00fda Respublikasyny\u0148 Prezidenti \u00ddun Sok \u00ddolu\u0148 arasynda \u00fdokary derejed\u00e4ki geple\u015fikler ba\u015flandy.<br \/>\nResmi gar\u015fylany\u015f dabarasy tamamlanandan so\u0148ra, taraplar iki\u00e7\u00e4k du\u015fu\u015fygy ge\u00e7ir\u00fd\u00e4rler. So\u0148ra geple\u015fikler iki \u00fdurdu\u0148 wekili\u00fdetlerini\u0148 gi\u0148eldilen d\u00fcz\u00fcminde dowam eder.<br \/>\nGeple\u015fikleri\u0148 dowamynda iki d\u00f6wleti\u0148 Ba\u015ftutanlary d\u00f6wletara gatna\u015fyklary\u0148 gi\u0148 meselelerini ara alyp maslahatla\u015farlar we h\u00e4zirki d\u00f6wr\u00fc\u0148 \u00fdagda\u00fdlaryny hem-de uzakm\u00f6hletli geljegi nazara almak bilen hyzmatda\u015flygy\u0148 ileri tutul\u00fdan ugurlaryny anykla\u015fdyrarlar.<br \/>\nPrezident \u00ddun Sok \u00ddolu\u0148 T\u00fcrkmenistana ilkinji saparyna iki halky\u0148 we d\u00f6wleti\u0148 taryhynda m\u00f6h\u00fcm waka h\u00f6km\u00fcnde garal\u00fdar.<br \/>\nT\u00fcrkmen-kore\u00fd \u00fdokary derejed\u00e4ki geple\u015fikleri\u0148 netijeleri bo\u00fdun\u00e7a ikitarapla\u00fdyn resminamalary\u0148 birn\u00e4\u00e7esine gol \u00e7ekilmegi me\u00fdille\u015fdiril\u00fd\u00e4r.<\/p>\n","protected":false},"excerpt":{"rendered":"<p>A\u015fgabatda hormatly Prezidentimiz Serdar Berdimuhamedow bilen \u00fdurdumyza iki g\u00fcnl\u00fck d\u00f6wlet sapary amala a\u015fyr\u00fdan Kore\u00fda Respublikasyny\u0148 Prezidenti \u00ddun Sok \u00ddolu\u0148 arasynda \u00fdokary derejed\u00e4ki geple\u015fikler ba\u015flandy. Resmi gar\u015fylany\u015f dabarasy tamamlanandan so\u0148ra, taraplar iki\u00e7\u00e4k du\u015fu\u015fygy ge\u00e7ir\u00fd\u00e4rler. So\u0148ra geple\u015fikler iki \u00fdurdu\u0148 wekili\u00fdetlerini\u0148 gi\u0148eldilen d\u00fcz\u00fcminde dowam eder. Geple\u015fikleri\u0148 dowamynda iki d\u00f6wleti\u0148 Ba\u015ftutanlary d\u00f6wletara gatna\u015fyklary\u0148 gi\u0148 meselelerini ara alyp maslahatla\u015farlar we [&hellip;]<\/p>\n","protected":false},"author":2,"featured_media":68443,"comment_status":"open","ping_status":"closed","sticky":false,"template":"","format":"standard","meta":{"footnotes":""},"categories":[3],"tags":[],"acf":[],"_links":{"self":[{"href":"https:\/\/zamanturkmenistan.com.tm\/index.php?rest_route=\/wp\/v2\/posts\/109315"}],"collection":[{"href":"https:\/\/zamanturkmenistan.com.tm\/index.php?rest_route=\/wp\/v2\/posts"}],"about":[{"href":"https:\/\/zamanturkmenistan.com.tm\/index.php?rest_route=\/wp\/v2\/types\/post"}],"author":[{"embeddable":true,"href":"https:\/\/zamanturkmenistan.com.tm\/index.php?rest_route=\/wp\/v2\/users\/2"}],"replies":[{"embeddable":true,"href":"https:\/\/zamanturkmenistan.com.tm\/index.php?rest_route=%2Fwp%2Fv2%2Fcomments&post=109315"}],"version-history":[{"count":1,"href":"https:\/\/zamanturkmenistan.com.tm\/index.php?rest_route=\/wp\/v2\/posts\/109315\/revisions"}],"predecessor-version":[{"id":109317,"href":"https:\/\/zamanturkmenistan.com.tm\/index.php?rest_route=\/wp\/v2\/posts\/109315\/revisions\/109317"}],"wp:featuredmedia":[{"embeddable":true,"href":"https:\/\/zamanturkmenistan.com.tm\/index.php?rest_route=\/wp\/v2\/media\/68443"}],"wp:attachment":[{"href":"https:\/\/zamanturkmenistan.com.tm\/index.php?rest_route=%2Fwp%2Fv2%2Fmedia&parent=109315"}],"wp:term":[{"taxonomy":"category","embeddable":true,"href":"https:\/\/zamanturkmenistan.com.tm\/index.php?rest_route=%2Fwp%2Fv2%2Fcategories&post=109315"},{"taxonomy":"post_tag","embeddable":true,"href":"https:\/\/zamanturkmenistan.com.tm\/index.php?rest_route=%2Fwp%2Fv2%2Ftags&post=109315"}],"curies":[{"name":"wp","href":"https:\/\/api.w.org\/{rel}","templated":true}]}}