{"id":109781,"date":"2024-06-15T10:03:03","date_gmt":"2024-06-15T05:03:03","guid":{"rendered":"https:\/\/zamanturkmenistan.com.tm\/?p=109781"},"modified":"2024-06-15T10:03:03","modified_gmt":"2024-06-15T05:03:03","slug":"yurdumyz-hytay-yewraziya-ekspo-halkara-sergisine-gatnasar","status":"publish","type":"post","link":"https:\/\/zamanturkmenistan.com.tm\/?p=109781","title":{"rendered":"\u00ddurdumyz \u201cHyta\u00fd \u2014 \u00ddewrazi\u00fda EKSPO\u201d halkara sergisine gatna\u015far"},"content":{"rendered":"<p>T\u00fcrkmenistany\u0148 halkara sergi i\u015fini\u0148 2024-2025-nji \u00fdyllar \u00fc\u00e7in Konsepsi\u00fdasynda kesgitlenen wezipeleri durmu\u015fa ge\u00e7irmek bo\u00fdun\u00e7a kesgitlenen \u00e7\u00e4releri\u0148 \u00e7\u00e4klerinde \u00fdurdumyz \u201cHyta\u00fd \u2014 \u00ddewrazi\u00fda EKSPO\u201d halkara sergisine gatna\u015far. Bu sergi Hyta\u00fdy\u0148 Urum\u00e7i \u015f\u00e4herinde ge\u00e7iriler. Halkara sergi, esasan, \u00fc\u00e7 b\u00f6l\u00fcmden, \u015fol sanda ma\u00fda go\u00fdum hyzmatda\u015flygy, milli pawil\u00fdonlar hem-de pudaklara \u00fd\u00f6ritele\u015fdirilen b\u00f6l\u00fcmden ybaratdyr. Bu sergini\u0148 \u00e7\u00e4klerinde s\u00f6wda we ma\u00fda go\u00fdum forumlaryny\u0148, tejribe aly\u015fmalary\u0148, d\u00fcrli ykdysady-medeni \u00e7\u00e4releri\u0148 guralmagy g\u00f6z \u00f6\u0148\u00fcnde tutul\u00fdar. Bu iri m\u00f6\u00e7berli serg\u00e4 \u00fdurdumyzy\u0148 milli pawil\u00fdony bilen gatna\u015fmagy d\u00fcrli pudaklary\u0148, hususy haryt \u00f6nd\u00fcrijileri\u0148 harytlaryny\u0148 we hyzmatlaryny\u0148 mahabatlandyrylmagy, eksport ugurly harytlarymyzy\u0148 Hyta\u00fd bazaryna \u00fderlenili\u015fini artdyrmaga, s\u00f6wda-ykdysady, i\u015few\u00fcrlik hyzmatda\u015flygyny gi\u0148eltm\u00e4ge m\u00fcmkin\u00e7ilik berer. Halkara sergi \u015fu \u00fdyly\u0148 26 \u2014 30-njy i\u00fduny aralygynda ge\u00e7iriler.<br \/>\nBu barada 14-nji i\u00fdunda ge\u00e7irilen sanly ulgam arkaly Ministrler Kabinetini\u0148 mejlisinde Ministrler Kabinetini\u0148 Ba\u015flygyny\u0148 orunbasary B.Atda\u00fdew hasabat berdi.<\/p>\n","protected":false},"excerpt":{"rendered":"<p>T\u00fcrkmenistany\u0148 halkara sergi i\u015fini\u0148 2024-2025-nji \u00fdyllar \u00fc\u00e7in Konsepsi\u00fdasynda kesgitlenen wezipeleri durmu\u015fa ge\u00e7irmek bo\u00fdun\u00e7a kesgitlenen \u00e7\u00e4releri\u0148 \u00e7\u00e4klerinde \u00fdurdumyz \u201cHyta\u00fd \u2014 \u00ddewrazi\u00fda EKSPO\u201d halkara sergisine gatna\u015far. Bu sergi Hyta\u00fdy\u0148 Urum\u00e7i \u015f\u00e4herinde ge\u00e7iriler. Halkara sergi, esasan, \u00fc\u00e7 b\u00f6l\u00fcmden, \u015fol sanda ma\u00fda go\u00fdum hyzmatda\u015flygy, milli pawil\u00fdonlar hem-de pudaklara \u00fd\u00f6ritele\u015fdirilen b\u00f6l\u00fcmden ybaratdyr. Bu sergini\u0148 \u00e7\u00e4klerinde s\u00f6wda we ma\u00fda go\u00fdum forumlaryny\u0148, [&hellip;]<\/p>\n","protected":false},"author":2,"featured_media":108898,"comment_status":"open","ping_status":"closed","sticky":false,"template":"","format":"standard","meta":{"footnotes":""},"categories":[3],"tags":[],"acf":[],"_links":{"self":[{"href":"https:\/\/zamanturkmenistan.com.tm\/index.php?rest_route=\/wp\/v2\/posts\/109781"}],"collection":[{"href":"https:\/\/zamanturkmenistan.com.tm\/index.php?rest_route=\/wp\/v2\/posts"}],"about":[{"href":"https:\/\/zamanturkmenistan.com.tm\/index.php?rest_route=\/wp\/v2\/types\/post"}],"author":[{"embeddable":true,"href":"https:\/\/zamanturkmenistan.com.tm\/index.php?rest_route=\/wp\/v2\/users\/2"}],"replies":[{"embeddable":true,"href":"https:\/\/zamanturkmenistan.com.tm\/index.php?rest_route=%2Fwp%2Fv2%2Fcomments&post=109781"}],"version-history":[{"count":1,"href":"https:\/\/zamanturkmenistan.com.tm\/index.php?rest_route=\/wp\/v2\/posts\/109781\/revisions"}],"predecessor-version":[{"id":109782,"href":"https:\/\/zamanturkmenistan.com.tm\/index.php?rest_route=\/wp\/v2\/posts\/109781\/revisions\/109782"}],"wp:featuredmedia":[{"embeddable":true,"href":"https:\/\/zamanturkmenistan.com.tm\/index.php?rest_route=\/wp\/v2\/media\/108898"}],"wp:attachment":[{"href":"https:\/\/zamanturkmenistan.com.tm\/index.php?rest_route=%2Fwp%2Fv2%2Fmedia&parent=109781"}],"wp:term":[{"taxonomy":"category","embeddable":true,"href":"https:\/\/zamanturkmenistan.com.tm\/index.php?rest_route=%2Fwp%2Fv2%2Fcategories&post=109781"},{"taxonomy":"post_tag","embeddable":true,"href":"https:\/\/zamanturkmenistan.com.tm\/index.php?rest_route=%2Fwp%2Fv2%2Ftags&post=109781"}],"curies":[{"name":"wp","href":"https:\/\/api.w.org\/{rel}","templated":true}]}}