{"id":109790,"date":"2024-06-15T10:41:33","date_gmt":"2024-06-15T05:41:33","guid":{"rendered":"https:\/\/zamanturkmenistan.com.tm\/?p=109790"},"modified":"2024-06-15T10:41:33","modified_gmt":"2024-06-15T05:41:33","slug":"turkmen-wekiliyeti-green-tech-amsterdam-2024-atly-halkara-sergisine-gatnasdy","status":"publish","type":"post","link":"https:\/\/zamanturkmenistan.com.tm\/?p=109790","title":{"rendered":"T\u00fcrkmen wekili\u00fdeti \u201cGreen Tech Amsterdam 2024\u201d atly halkara sergisine gatna\u015fdy"},"content":{"rendered":"<p>Hususy pudagy\u0148, Senagat\u00e7ylar we Teleke\u00e7iler Bilele\u015figini\u0148, \u015fe\u00fdle hem Oba hojalygy ministrligini\u0148 h\u00fcn\u00e4rmenlerinden ybarat t\u00fcrkmen wekili\u00fdeti oba hojalyk ulgamynda hyzmatda\u015flygy gi\u0148eltmek \u00fc\u00e7in t\u00e4ze m\u00fcmkin\u00e7ilikleri d\u00f6red\u00fd\u00e4n \u201cGreen Tech Amsterdam 2024\u201d atly halkara sergisine 10-14-nji i\u00fdunda Niderlandlara boldular. Bu barada T\u00fcrkmenistany\u0148 Belgi\u00fdadaky diplomatik wekilhanasyny\u0148 metbugat gullugy habar berdi.<br \/>\n\u00c7\u00e4r\u00e4ni\u0148 dowamynda t\u00fcrkmen gatna\u015fyjylary oba hojalygyndaky t\u00e4zelikler we \u00f6sen tehnologi\u00fdalar bilen tany\u015fdylar, bazary\u0148 \u00f6\u0148debaryjy \u00f6nd\u00fcrijileri bilen du\u015fu\u015fdylar we hyzmatda\u015flygy\u0148 geljegi barada pikir aly\u015fdylar.<br \/>\nMundan ba\u015fga-da, oba hojalygy we durnukly tejribe pudagynda i\u015few\u00fcr gatna\u015fyklaryna g\u00f6zeg\u00e7ilik ed\u00fd\u00e4n Gollandi\u00fdaly esasy guramalar bilen birn\u00e4\u00e7e du\u015fu\u015fyk ge\u00e7irildi. Bu bolsa bilelikd\u00e4ki taslamalar \u00fc\u00e7in ugurlary kesgitlemek \u00fc\u00e7in m\u00fcmkin\u00e7ilik d\u00f6retdi.<br \/>\n\u015ee\u00fdle hem, t\u00fcrkmen wekili\u00fdeti tohumlar, \u00fdylady\u015fhana tehnologi\u00fdalary we suw tyg\u015fytla\u00fdy\u015f ulgamlary ugrunda i\u015f alyp bar\u00fdan Gollandi\u00fdaly \u00f6\u0148debaryjy kompani\u00fdalara baryp g\u00f6rdi.<br \/>\n\u015ee\u00fdle hem \u201cGreen Tech Amsterdam 2024\u201d atly sergini\u0148 \u00e7\u00e4klerinde Belgi\u00fdadaky il\u00e7ihana tarapyndan t\u00fcrkmen forumy ge\u00e7irildi. Bu \u00e7\u00e4re, \u00fdurdu\u0148 oba hojalygyna ma\u00fda go\u00fdum m\u00fcmkin\u00e7iliklerini ara alyp maslahatla\u015fmak \u00fc\u00e7in da\u015fary \u00fdurt kompani\u00fdalaryny, t\u00fcrkmen i\u015few\u00fcrlerini we halkara mali\u00fde guramalaryny bir \u00fdere jemledi.<\/p>\n","protected":false},"excerpt":{"rendered":"<p>Hususy pudagy\u0148, Senagat\u00e7ylar we Teleke\u00e7iler Bilele\u015figini\u0148, \u015fe\u00fdle hem Oba hojalygy ministrligini\u0148 h\u00fcn\u00e4rmenlerinden ybarat t\u00fcrkmen wekili\u00fdeti oba hojalyk ulgamynda hyzmatda\u015flygy gi\u0148eltmek \u00fc\u00e7in t\u00e4ze m\u00fcmkin\u00e7ilikleri d\u00f6red\u00fd\u00e4n \u201cGreen Tech Amsterdam 2024\u201d atly halkara sergisine 10-14-nji i\u00fdunda Niderlandlara boldular. Bu barada T\u00fcrkmenistany\u0148 Belgi\u00fdadaky diplomatik wekilhanasyny\u0148 metbugat gullugy habar berdi. \u00c7\u00e4r\u00e4ni\u0148 dowamynda t\u00fcrkmen gatna\u015fyjylary oba hojalygyndaky t\u00e4zelikler we \u00f6sen tehnologi\u00fdalar [&hellip;]<\/p>\n","protected":false},"author":2,"featured_media":109791,"comment_status":"open","ping_status":"closed","sticky":false,"template":"","format":"standard","meta":{"footnotes":""},"categories":[3],"tags":[],"acf":[],"_links":{"self":[{"href":"https:\/\/zamanturkmenistan.com.tm\/index.php?rest_route=\/wp\/v2\/posts\/109790"}],"collection":[{"href":"https:\/\/zamanturkmenistan.com.tm\/index.php?rest_route=\/wp\/v2\/posts"}],"about":[{"href":"https:\/\/zamanturkmenistan.com.tm\/index.php?rest_route=\/wp\/v2\/types\/post"}],"author":[{"embeddable":true,"href":"https:\/\/zamanturkmenistan.com.tm\/index.php?rest_route=\/wp\/v2\/users\/2"}],"replies":[{"embeddable":true,"href":"https:\/\/zamanturkmenistan.com.tm\/index.php?rest_route=%2Fwp%2Fv2%2Fcomments&post=109790"}],"version-history":[{"count":1,"href":"https:\/\/zamanturkmenistan.com.tm\/index.php?rest_route=\/wp\/v2\/posts\/109790\/revisions"}],"predecessor-version":[{"id":109792,"href":"https:\/\/zamanturkmenistan.com.tm\/index.php?rest_route=\/wp\/v2\/posts\/109790\/revisions\/109792"}],"wp:featuredmedia":[{"embeddable":true,"href":"https:\/\/zamanturkmenistan.com.tm\/index.php?rest_route=\/wp\/v2\/media\/109791"}],"wp:attachment":[{"href":"https:\/\/zamanturkmenistan.com.tm\/index.php?rest_route=%2Fwp%2Fv2%2Fmedia&parent=109790"}],"wp:term":[{"taxonomy":"category","embeddable":true,"href":"https:\/\/zamanturkmenistan.com.tm\/index.php?rest_route=%2Fwp%2Fv2%2Fcategories&post=109790"},{"taxonomy":"post_tag","embeddable":true,"href":"https:\/\/zamanturkmenistan.com.tm\/index.php?rest_route=%2Fwp%2Fv2%2Ftags&post=109790"}],"curies":[{"name":"wp","href":"https:\/\/api.w.org\/{rel}","templated":true}]}}