{"id":10980,"date":"2017-12-05T08:11:58","date_gmt":"2017-12-05T03:11:58","guid":{"rendered":"http:\/\/zamanturkmenistan.com\/?p=10980"},"modified":"2017-12-05T08:11:58","modified_gmt":"2017-12-05T03:11:58","slug":"agyr-atletika-dunya-cempionaty-asgabatda-geciriler","status":"publish","type":"post","link":"https:\/\/zamanturkmenistan.com.tm\/?p=10980","title":{"rendered":"Agyr atletika d\u00fcn\u00fd\u00e4 \u00e7empionaty A\u015fgabatda ge\u00e7iriler"},"content":{"rendered":"<p>Agyr at\u00adle\u00adti\u00adka bo\u00ad\u00fdun\u00ad\u00e7a d\u00fcn\u00ad\u00fd\u00e4 \u00e7em\u00adpio\u00adna\u00adty \u00f6\u0148\u00fc\u00admiz\u00add\u00e4\u00adki \u00fdyl g\u00f6\u00adzel pa\u00fd\u00adtag\u00adty\u00admyz A\u015f\u00adga\u00adbat \u015f\u00e4\u00adhe\u00adrin\u00adde ge\u00ad\u00e7i\u00adri\u00adler. Hal\u00adka\u00adra agyr at\u00adle\u00adti\u00adka fe\u00adde\u00adra\u00adsi\u00ad\u00fda\u00adsy\u00adny\u0148 (IWF) \u00dde\u00adri\u00adne \u00fde\u00adti\u00adri\u00adji ge\u00ad\u0148e\u00ad\u015fi\u00adni\u0148 2017-nji \u00fdy\u00adly\u0148 26-njy no\u00ad\u00fdab\u00adryn\u00adda AB\u015e-ny\u0148 Ana\u00adha\u00fdm \u015f\u00e4\u00adhe\u00adrin\u00adde mej\u00adli\u00adsi\u00adni\u0148 bar\u00ad\u015fyn\u00adda T\u00fcrk\u00adme\u00adnis\u00adta\u00adny\u0148 Agyr at\u00adle\u00adti\u00adka fe\u00adde\u00adra\u00adsi\u00ad\u00fda\u00adsy\u00adny\u0148 agyr at\u00adle\u00adti\u00adka bo\u00ad\u00fdun\u00ad\u00e7a d\u00fcn\u00ad\u00fd\u00e4 \u00e7em\u00adpio\u00adna\u00adty\u00adny\u0148 2018-nji \u00fdy\u00adly\u0148 no\u00ad\u00fdabr a\u00fdyn\u00adda g\u00f6zel A\u015f\u00adga\u00adbat \u015f\u00e4\u00adhe\u00adrin\u00adde gu\u00adra\u00admak ba\u00adra\u00adda\u00adky me\u00ad\u00fd\u00adli\u00adni\u0148 bi\u00adra\u00adgyz\u00addan ma\u00adkul\u00adla\u00adnan\u00addy\u00adgy ha\u00adbar be\u00adril\u00addi.<\/p>\n<p>&nbsp;<\/p>\n","protected":false},"excerpt":{"rendered":"<p>Agyr at\u00adle\u00adti\u00adka bo\u00ad\u00fdun\u00ad\u00e7a d\u00fcn\u00ad\u00fd\u00e4 \u00e7em\u00adpio\u00adna\u00adty \u00f6\u0148\u00fc\u00admiz\u00add\u00e4\u00adki \u00fdyl g\u00f6\u00adzel pa\u00fd\u00adtag\u00adty\u00admyz A\u015f\u00adga\u00adbat \u015f\u00e4\u00adhe\u00adrin\u00adde ge\u00ad\u00e7i\u00adri\u00adler. Hal\u00adka\u00adra agyr at\u00adle\u00adti\u00adka fe\u00adde\u00adra\u00adsi\u00ad\u00fda\u00adsy\u00adny\u0148 (IWF) \u00dde\u00adri\u00adne \u00fde\u00adti\u00adri\u00adji ge\u00ad\u0148e\u00ad\u015fi\u00adni\u0148 2017-nji \u00fdy\u00adly\u0148 26-njy no\u00ad\u00fdab\u00adryn\u00adda AB\u015e-ny\u0148 Ana\u00adha\u00fdm \u015f\u00e4\u00adhe\u00adrin\u00adde mej\u00adli\u00adsi\u00adni\u0148 bar\u00ad\u015fyn\u00adda T\u00fcrk\u00adme\u00adnis\u00adta\u00adny\u0148 Agyr at\u00adle\u00adti\u00adka fe\u00adde\u00adra\u00adsi\u00ad\u00fda\u00adsy\u00adny\u0148 agyr at\u00adle\u00adti\u00adka bo\u00ad\u00fdun\u00ad\u00e7a d\u00fcn\u00ad\u00fd\u00e4 \u00e7em\u00adpio\u00adna\u00adty\u00adny\u0148 2018-nji \u00fdy\u00adly\u0148 no\u00ad\u00fdabr a\u00fdyn\u00adda g\u00f6zel A\u015f\u00adga\u00adbat \u015f\u00e4\u00adhe\u00adrin\u00adde gu\u00adra\u00admak ba\u00adra\u00adda\u00adky me\u00ad\u00fd\u00adli\u00adni\u0148 bi\u00adra\u00adgyz\u00addan ma\u00adkul\u00adla\u00adnan\u00addy\u00adgy ha\u00adbar be\u00adril\u00addi. &nbsp;<\/p>\n","protected":false},"author":1,"featured_media":10981,"comment_status":"open","ping_status":"closed","sticky":false,"template":"","format":"standard","meta":{"footnotes":""},"categories":[13],"tags":[],"acf":[],"_links":{"self":[{"href":"https:\/\/zamanturkmenistan.com.tm\/index.php?rest_route=\/wp\/v2\/posts\/10980"}],"collection":[{"href":"https:\/\/zamanturkmenistan.com.tm\/index.php?rest_route=\/wp\/v2\/posts"}],"about":[{"href":"https:\/\/zamanturkmenistan.com.tm\/index.php?rest_route=\/wp\/v2\/types\/post"}],"author":[{"embeddable":true,"href":"https:\/\/zamanturkmenistan.com.tm\/index.php?rest_route=\/wp\/v2\/users\/1"}],"replies":[{"embeddable":true,"href":"https:\/\/zamanturkmenistan.com.tm\/index.php?rest_route=%2Fwp%2Fv2%2Fcomments&post=10980"}],"version-history":[{"count":0,"href":"https:\/\/zamanturkmenistan.com.tm\/index.php?rest_route=\/wp\/v2\/posts\/10980\/revisions"}],"wp:featuredmedia":[{"embeddable":true,"href":"https:\/\/zamanturkmenistan.com.tm\/index.php?rest_route=\/wp\/v2\/media\/10981"}],"wp:attachment":[{"href":"https:\/\/zamanturkmenistan.com.tm\/index.php?rest_route=%2Fwp%2Fv2%2Fmedia&parent=10980"}],"wp:term":[{"taxonomy":"category","embeddable":true,"href":"https:\/\/zamanturkmenistan.com.tm\/index.php?rest_route=%2Fwp%2Fv2%2Fcategories&post=10980"},{"taxonomy":"post_tag","embeddable":true,"href":"https:\/\/zamanturkmenistan.com.tm\/index.php?rest_route=%2Fwp%2Fv2%2Ftags&post=10980"}],"curies":[{"name":"wp","href":"https:\/\/api.w.org\/{rel}","templated":true}]}}