{"id":110037,"date":"2024-06-21T11:24:52","date_gmt":"2024-06-21T06:24:52","guid":{"rendered":"https:\/\/zamanturkmenistan.com.tm\/?p=110037"},"modified":"2024-06-21T11:25:18","modified_gmt":"2024-06-21T06:25:18","slug":"geljekde-smartfon-ulanylmaz","status":"publish","type":"post","link":"https:\/\/zamanturkmenistan.com.tm\/?p=110037","title":{"rendered":"Geljekde smartfon ulanylmaz"},"content":{"rendered":"<p>Uzak gelejekde adamlar telefonlardan \u00fd\u00fcz \u00f6wrerler hem-de be\u00fdni implantlaryny\u0148 k\u00f6megi bilen geple\u015ferler. Me\u015fhur i\u015few\u00fcr Ilon Mask geljegi \u015fe\u00fdle \u00e7akla\u00fdar, ol bu barada \u00f6z\u00fcni\u0148 jemgy\u00fdet\u00e7ilik ulgamyndaky sahypasynda \u00fdazdy. \u201cGeljekde telefon bolmaz, di\u0148e \u201cNeuralink\u201d bolar\u201d di\u00fdip, i\u015few\u00fcr belledi. Ozal habar berli\u015fi \u00fdaly, \u201cNeuralink\u201d kompani\u00fdasyny\u0148 \u201cTelepathy\u201d atly t\u00e4ze d\u00f6reden enjamy e\u00fdesine smartfony pikiri\u0148 g\u00fc\u00fdji bilen dolandyrmaga m\u00fcmkin\u00e7ilik ber\u00fd\u00e4r.<\/p>\n","protected":false},"excerpt":{"rendered":"<p>Uzak gelejekde adamlar telefonlardan \u00fd\u00fcz \u00f6wrerler hem-de be\u00fdni implantlaryny\u0148 k\u00f6megi bilen geple\u015ferler. Me\u015fhur i\u015few\u00fcr Ilon Mask geljegi \u015fe\u00fdle \u00e7akla\u00fdar, ol bu barada \u00f6z\u00fcni\u0148 jemgy\u00fdet\u00e7ilik ulgamyndaky sahypasynda \u00fdazdy. \u201cGeljekde telefon bolmaz, di\u0148e \u201cNeuralink\u201d bolar\u201d di\u00fdip, i\u015few\u00fcr belledi. Ozal habar berli\u015fi \u00fdaly, \u201cNeuralink\u201d kompani\u00fdasyny\u0148 \u201cTelepathy\u201d atly t\u00e4ze d\u00f6reden enjamy e\u00fdesine smartfony pikiri\u0148 g\u00fc\u00fdji bilen dolandyrmaga m\u00fcmkin\u00e7ilik ber\u00fd\u00e4r.<\/p>\n","protected":false},"author":2,"featured_media":110038,"comment_status":"open","ping_status":"closed","sticky":false,"template":"","format":"standard","meta":{"footnotes":""},"categories":[8],"tags":[],"acf":[],"_links":{"self":[{"href":"https:\/\/zamanturkmenistan.com.tm\/index.php?rest_route=\/wp\/v2\/posts\/110037"}],"collection":[{"href":"https:\/\/zamanturkmenistan.com.tm\/index.php?rest_route=\/wp\/v2\/posts"}],"about":[{"href":"https:\/\/zamanturkmenistan.com.tm\/index.php?rest_route=\/wp\/v2\/types\/post"}],"author":[{"embeddable":true,"href":"https:\/\/zamanturkmenistan.com.tm\/index.php?rest_route=\/wp\/v2\/users\/2"}],"replies":[{"embeddable":true,"href":"https:\/\/zamanturkmenistan.com.tm\/index.php?rest_route=%2Fwp%2Fv2%2Fcomments&post=110037"}],"version-history":[{"count":1,"href":"https:\/\/zamanturkmenistan.com.tm\/index.php?rest_route=\/wp\/v2\/posts\/110037\/revisions"}],"predecessor-version":[{"id":110039,"href":"https:\/\/zamanturkmenistan.com.tm\/index.php?rest_route=\/wp\/v2\/posts\/110037\/revisions\/110039"}],"wp:featuredmedia":[{"embeddable":true,"href":"https:\/\/zamanturkmenistan.com.tm\/index.php?rest_route=\/wp\/v2\/media\/110038"}],"wp:attachment":[{"href":"https:\/\/zamanturkmenistan.com.tm\/index.php?rest_route=%2Fwp%2Fv2%2Fmedia&parent=110037"}],"wp:term":[{"taxonomy":"category","embeddable":true,"href":"https:\/\/zamanturkmenistan.com.tm\/index.php?rest_route=%2Fwp%2Fv2%2Fcategories&post=110037"},{"taxonomy":"post_tag","embeddable":true,"href":"https:\/\/zamanturkmenistan.com.tm\/index.php?rest_route=%2Fwp%2Fv2%2Ftags&post=110037"}],"curies":[{"name":"wp","href":"https:\/\/api.w.org\/{rel}","templated":true}]}}