{"id":11041,"date":"2017-12-05T08:47:14","date_gmt":"2017-12-05T03:47:14","guid":{"rendered":"http:\/\/zamanturkmenistan.com\/?p=11041"},"modified":"2017-12-05T08:47:14","modified_gmt":"2017-12-05T03:47:14","slug":"2-nji-gezek-gu%c2%adnor%c2%adta-af%c2%adri%c2%adka%c2%addan","status":"publish","type":"post","link":"https:\/\/zamanturkmenistan.com.tm\/?p=11041","title":{"rendered":"2-nji gezek G\u00fc\u00adnor\u00adta Af\u00adri\u00adka\u00addan"},"content":{"rendered":"<p>AB\u015e-ny\u0148 Las We\u00adgas \u015f\u00e4\u00adhe\u00adrin\u00adde \u201c\u00c4lem g\u00f6\u00adze\u00adli \u2013 2017\u201d b\u00e4s\u00adle\u00ad\u015fi\u00adgi\u00adni\u0148 je\u00admi jem\u00adlen\u00addi. 66-njy ge\u00adzek ge\u00ad\u00e7i\u00adri\u00adlen bu \u00e7\u00e4\u00adre\u00adde G\u00fc\u00adnor\u00adta Af\u00adri\u00adka Res\u00adpub\u00adli\u00adka\u00adsy\u00adny\u0148 adyn\u00addan we\u00adkil\u00ad\u00e7i\u00adlik eden De\u00admi-Lei Nel-Pi\u00adters \u201c\u00c4lem g\u00f6\u00adze\u00adli\u201d di\u00fd\u00adlip sa\u00fd\u00adlan\u00addy. 92 ze\u00adna\u00adny\u0148 gat\u00adna\u00ad\u015fan b\u00e4s\u00adle\u00ad\u015fi\u00adgin\u00adde ol g\u00f6\u00adzel\u00adlik t\u00e4\u00adji\u00adni ge\u00ad\u00e7en \u00fdy\u00adly\u0148 \u00fde\u00ad\u0148i\u00adji\u00adsi fran\u00adsi\u00ad\u00fda\u00adly Iris Mit\u00adte\u00adna\u00adry\u0148 elin\u00adden al\u00addy. Ol bu hor\u00adma\u00adta la\u00ad\u00fdyk g\u00f6r\u00adlen ikin\u00adji G\u00fc\u00adnor\u00adta af\u00adri\u00adka\u00adly ze\u00adnan bo\u00adlup, on\u00addan \u00f6\u0148 1978-nji \u00fdyl\u00adda Mar\u00adga\u00adret Gar\u00addi\u00adner \u00fde\u00ad\u0148i\u00adji bo\u00adlup\u00addy. 22 \u00fda\u015f\u00adly Nel-Pi\u00adters 2\u20133-nji \u00fde\u00adrleri e\u00fde\u00adl\u00e4n ko\u00adlum\u00adbi\u00ad\u00fda\u00adly Lau\u00adra Gon\u00adza\u00adles we \u00fda\u00adma\u00fd\u00adka\u00adly Da\u00adwi\u00adna Ben\u00adnett\u00adden \u00f6\u0148e sa\u00fd\u00adlan\u00adma\u00adgy ba\u00ad\u015far\u00addy.<br \/>\n1952-nji \u00fdyl\u00addan b\u00e4\u00adri ge\u00ad\u00e7ir\u00adilip ge\u00adlin\u00ad\u00fd\u00e4n \u201c\u00c4lem g\u00f6\u00adze\u00adli\u201d b\u00e4s\u00adle\u00ad\u015fi\u00adgi\u00adni\u0148 mer\u00adke\u00adzi eda\u00adra bi\u00adna\u00adsy N\u00fdu \u00ddork\u00adda \u00fder\u00adle\u015f\u00ad\u00fd\u00e4r. \u015eu wag\u00adta \u00e7en\u00adli bu b\u00e4s\u00adle\u00ad\u015fik\u00adde i\u0148 k\u00f6p ame\u00adri\u00adka\u00adly gyz\u00adlar \u00fde\u00ad\u0148i\u00adji bo\u00adlup, olar 8 ge\u00adzek g\u00f6\u00adzel\u00adlik t\u00e4\u00adji\u00adni ge\u00fd\u00addi. Bu ugur\u00adda 2-nji we 3-nji \u00fder\u00adde 7 hem-de 5 ge\u00adzek \u00fde\u00ad\u0148i\u00adji bo\u00adlan We\u00adne\u00adsue\u00adla bi\u00adlen Pu\u00ader\u00adto Ri\u00adko bar\u00ad\u00fdar.<\/p>\n","protected":false},"excerpt":{"rendered":"<p>AB\u015e-ny\u0148 Las We\u00adgas \u015f\u00e4\u00adhe\u00adrin\u00adde \u201c\u00c4lem g\u00f6\u00adze\u00adli \u2013 2017\u201d b\u00e4s\u00adle\u00ad\u015fi\u00adgi\u00adni\u0148 je\u00admi jem\u00adlen\u00addi. 66-njy ge\u00adzek ge\u00ad\u00e7i\u00adri\u00adlen bu \u00e7\u00e4\u00adre\u00adde G\u00fc\u00adnor\u00adta Af\u00adri\u00adka Res\u00adpub\u00adli\u00adka\u00adsy\u00adny\u0148 adyn\u00addan we\u00adkil\u00ad\u00e7i\u00adlik eden De\u00admi-Lei Nel-Pi\u00adters \u201c\u00c4lem g\u00f6\u00adze\u00adli\u201d di\u00fd\u00adlip sa\u00fd\u00adlan\u00addy. 92 ze\u00adna\u00adny\u0148 gat\u00adna\u00ad\u015fan b\u00e4s\u00adle\u00ad\u015fi\u00adgin\u00adde ol g\u00f6\u00adzel\u00adlik t\u00e4\u00adji\u00adni ge\u00ad\u00e7en \u00fdy\u00adly\u0148 \u00fde\u00ad\u0148i\u00adji\u00adsi fran\u00adsi\u00ad\u00fda\u00adly Iris Mit\u00adte\u00adna\u00adry\u0148 elin\u00adden al\u00addy. Ol bu hor\u00adma\u00adta la\u00ad\u00fdyk g\u00f6r\u00adlen ikin\u00adji G\u00fc\u00adnor\u00adta af\u00adri\u00adka\u00adly ze\u00adnan bo\u00adlup, on\u00addan \u00f6\u0148 [&hellip;]<\/p>\n","protected":false},"author":1,"featured_media":11042,"comment_status":"open","ping_status":"closed","sticky":false,"template":"","format":"standard","meta":{"footnotes":""},"categories":[12],"tags":[],"acf":[],"_links":{"self":[{"href":"https:\/\/zamanturkmenistan.com.tm\/index.php?rest_route=\/wp\/v2\/posts\/11041"}],"collection":[{"href":"https:\/\/zamanturkmenistan.com.tm\/index.php?rest_route=\/wp\/v2\/posts"}],"about":[{"href":"https:\/\/zamanturkmenistan.com.tm\/index.php?rest_route=\/wp\/v2\/types\/post"}],"author":[{"embeddable":true,"href":"https:\/\/zamanturkmenistan.com.tm\/index.php?rest_route=\/wp\/v2\/users\/1"}],"replies":[{"embeddable":true,"href":"https:\/\/zamanturkmenistan.com.tm\/index.php?rest_route=%2Fwp%2Fv2%2Fcomments&post=11041"}],"version-history":[{"count":0,"href":"https:\/\/zamanturkmenistan.com.tm\/index.php?rest_route=\/wp\/v2\/posts\/11041\/revisions"}],"wp:featuredmedia":[{"embeddable":true,"href":"https:\/\/zamanturkmenistan.com.tm\/index.php?rest_route=\/wp\/v2\/media\/11042"}],"wp:attachment":[{"href":"https:\/\/zamanturkmenistan.com.tm\/index.php?rest_route=%2Fwp%2Fv2%2Fmedia&parent=11041"}],"wp:term":[{"taxonomy":"category","embeddable":true,"href":"https:\/\/zamanturkmenistan.com.tm\/index.php?rest_route=%2Fwp%2Fv2%2Fcategories&post=11041"},{"taxonomy":"post_tag","embeddable":true,"href":"https:\/\/zamanturkmenistan.com.tm\/index.php?rest_route=%2Fwp%2Fv2%2Ftags&post=11041"}],"curies":[{"name":"wp","href":"https:\/\/api.w.org\/{rel}","templated":true}]}}