{"id":11053,"date":"2017-12-05T08:54:22","date_gmt":"2017-12-05T03:54:22","guid":{"rendered":"http:\/\/zamanturkmenistan.com\/?p=11053"},"modified":"2017-12-05T08:54:22","modified_gmt":"2017-12-05T03:54:22","slug":"oy%c2%adkun%c2%adjen-os%c2%admi%c2%adnog","status":"publish","type":"post","link":"https:\/\/zamanturkmenistan.com.tm\/?p=11053","title":{"rendered":"\u00d6\u00fd\u00adk\u00fcn\u00adje\u0148 os\u00admi\u00adnog"},"content":{"rendered":"<p>Um\u00adman\u00addyr de\u00ad\u0148iz\u00adler\u00adde \u015fe\u00fd\u00adle bir k\u00f6p \u00f6s\u00fcm\u00adlik we jan\u00addar \u00fda\u00ad\u015fa\u00ad\u00fdar we\u00adlin, olar gu\u00adry \u00fder\u00add\u00e4\u00adki\u00adden hem k\u00f6p \u00fda\u00adly. Su\u00adwas\u00adty d\u00fcn\u00ad\u00fd\u00e4\u00adsi\u00adni\u0148 t\u00e4\u00adsin jan\u00addar\u00adla\u00adry\u00adny\u0148 bi\u00adri hem se\u00adkiz a\u00fdak\u00adly os\u00admi\u00adnog\u00addyr. Os\u00admi\u00adnog\u00adla\u00adry\u0148 hem d\u00fcr\u00adli g\u00f6r\u00adn\u00fc\u015f\u00adle\u00adri bo\u00adlup, olar re\u0148\u00adki, ulu\u00adly\u00adgy we be\u00fd\u00adle\u00adki a\u00fd\u00adra\u00adtyn\u00adlyk\u00adla\u00adry ba\u00adbat\u00adda bir-bi\u00adrin\u00adden ta\u00adpa\u00adwut\u00adlan\u00ad\u00fdar. Bu jan\u00addar\u00adla\u00adry\u0148 bir g\u00f6r\u00adn\u00fc\u00ad\u015fi\u00adni\u0148 has \u00fc\u00fdt\u00adge\u00ad\u015fik h\u00e4\u00adsi\u00ad\u00fde\u00adti bar. Ol be\u00fd\u00adle\u00adki jan\u00addar\u00adla\u00adra \u00f6\u00fd\u00adk\u00fcn\u00adme\u00adgi bi\u00adlen ta\u00adpa\u00adwut\u00adlan\u00ad\u00fdar. Hat\u00adda olar re\u0148\u00adki\u00adni, da\u015f\u00adky \u015fe\u00adki\u00adli\u00adni hem \u00fc\u00fdt\u00adge\u00addip bil\u00ad\u00fd\u00e4r\u00adler. Ge\u00ad\u00e7i\u00adri\u00adlen yl\u00admy bar\u00adlag\u00adlar esa\u00adsyn\u00adda bu os\u00admi\u00adno\u00adgy\u0148 (\u201cThau\u00admocto\u00adpus mi\u00admicus\u201d) 15 jan\u00adda\u00adra me\u0148\u00adz\u00e4p bil\u00ad\u00fd\u00e4n\u00addi\u00adgi anyk\u00adla\u00adnyl\u00addy. Os\u00admi\u00adnog ba\u015f\u00adga jan\u00addar\u00adla\u00adra me\u0148\u00adze\u00admek ar\u00adka\u00adly \u00f6z du\u015f\u00adman\u00adla\u00adryn\u00addan go\u00adran\u00ad\u00fdar. Ol be\u00fd\u00adle\u00adki jan\u00adda\u00adrlary\u0148 gork\u00ad\u00fdan me\u00addu\u00adza, de\u00ad\u0148iz \u00fdy\u00adla\u00adny \u00fda\u00adly bir\u00adn\u00e4\u00ad\u00e7e suw \u00fda\u015fa\u00fdjylaryna me\u0148\u00adz\u00e4p, \u00f6z\u00fc\u00adni go\u00adra\u00ad\u00fdar. Olar giz\u00adlen\u00adm\u00e4\u00adge-de \u00f6r\u00e4n \u00f6k\u00adde bol\u00ad\u00fdar. Guw\u00adwas\u00adlar da\u015f\u00adky \u015fe\u00adki\u00adli \u00fda\u00ad\u015fa\u00ad\u00fdan \u00fde\u00adri\u00adni\u0148 flo\u00adra\u00adsy\u00adna me\u0148\u00adze\u015f bo\u00adlan\u00adso\u0148 ony sa\u00fd\u00adgar\u00admak\u00adda kyn\u00ad\u00e7y\u00adlyk \u00e7ek\u00ad\u00fd\u00e4r\u00adler. 1990-njy \u00fdyl\u00adda anyk\u00adla\u00adnan \u00f6\u00fd\u00adk\u00fcn\u00adje\u0148 os\u00admi\u00adnog, 1998-nji \u00fdyl\u00adda os\u00admi\u00adno\u00adgy\u0148 a\u00fd\u00adra\u00adtyn g\u00f6r\u00adn\u00fc\u00ad\u015fi h\u00f6k\u00adm\u00fcn\u00adde ha\u00adsa\u00adba alyn\u00addy. O\u0148a ha\u00fd\u00adsy\u00addyr bir howp aba\u00adnan\u00adda, be\u00adde\u00adni\u00adni\u0148 k\u00f6p b\u00f6\u00adle\u00adgi\u00adni \u00e7a\u00adla\u00adsyn\u00adlyk bi\u00adlen gu\u00adma g\u00f6m\u00ad\u00fd\u00e4r we re\u0148\u00adki\u00adni \u00fc\u00fdt\u00adged\u00ad\u00fd\u00e4r. \u00d6\u00fd\u00adk\u00fcn\u00adje\u0148 os\u00admi\u00adnog\u00adlar i\u00fd\u00admit ba\u00adbat\u00adda has ba\u00fd bo\u00adlan \u00e7u\u0148\u00adluk\u00adlar\u00adda, de\u00ad\u0148iz ke\u00adna\u00adryn\u00addan has uzak\u00adda \u00fda\u00ad\u015fa\u00ad\u00fdar\u00adlar.<\/p>\n","protected":false},"excerpt":{"rendered":"<p>Um\u00adman\u00addyr de\u00ad\u0148iz\u00adler\u00adde \u015fe\u00fd\u00adle bir k\u00f6p \u00f6s\u00fcm\u00adlik we jan\u00addar \u00fda\u00ad\u015fa\u00ad\u00fdar we\u00adlin, olar gu\u00adry \u00fder\u00add\u00e4\u00adki\u00adden hem k\u00f6p \u00fda\u00adly. Su\u00adwas\u00adty d\u00fcn\u00ad\u00fd\u00e4\u00adsi\u00adni\u0148 t\u00e4\u00adsin jan\u00addar\u00adla\u00adry\u00adny\u0148 bi\u00adri hem se\u00adkiz a\u00fdak\u00adly os\u00admi\u00adnog\u00addyr. Os\u00admi\u00adnog\u00adla\u00adry\u0148 hem d\u00fcr\u00adli g\u00f6r\u00adn\u00fc\u015f\u00adle\u00adri bo\u00adlup, olar re\u0148\u00adki, ulu\u00adly\u00adgy we be\u00fd\u00adle\u00adki a\u00fd\u00adra\u00adtyn\u00adlyk\u00adla\u00adry ba\u00adbat\u00adda bir-bi\u00adrin\u00adden ta\u00adpa\u00adwut\u00adlan\u00ad\u00fdar. Bu jan\u00addar\u00adla\u00adry\u0148 bir g\u00f6r\u00adn\u00fc\u00ad\u015fi\u00adni\u0148 has \u00fc\u00fdt\u00adge\u00ad\u015fik h\u00e4\u00adsi\u00ad\u00fde\u00adti bar. Ol be\u00fd\u00adle\u00adki jan\u00addar\u00adla\u00adra \u00f6\u00fd\u00adk\u00fcn\u00adme\u00adgi bi\u00adlen ta\u00adpa\u00adwut\u00adlan\u00ad\u00fdar. Hat\u00adda olar [&hellip;]<\/p>\n","protected":false},"author":1,"featured_media":11054,"comment_status":"open","ping_status":"closed","sticky":false,"template":"","format":"standard","meta":{"footnotes":""},"categories":[9],"tags":[],"acf":[],"_links":{"self":[{"href":"https:\/\/zamanturkmenistan.com.tm\/index.php?rest_route=\/wp\/v2\/posts\/11053"}],"collection":[{"href":"https:\/\/zamanturkmenistan.com.tm\/index.php?rest_route=\/wp\/v2\/posts"}],"about":[{"href":"https:\/\/zamanturkmenistan.com.tm\/index.php?rest_route=\/wp\/v2\/types\/post"}],"author":[{"embeddable":true,"href":"https:\/\/zamanturkmenistan.com.tm\/index.php?rest_route=\/wp\/v2\/users\/1"}],"replies":[{"embeddable":true,"href":"https:\/\/zamanturkmenistan.com.tm\/index.php?rest_route=%2Fwp%2Fv2%2Fcomments&post=11053"}],"version-history":[{"count":0,"href":"https:\/\/zamanturkmenistan.com.tm\/index.php?rest_route=\/wp\/v2\/posts\/11053\/revisions"}],"wp:featuredmedia":[{"embeddable":true,"href":"https:\/\/zamanturkmenistan.com.tm\/index.php?rest_route=\/wp\/v2\/media\/11054"}],"wp:attachment":[{"href":"https:\/\/zamanturkmenistan.com.tm\/index.php?rest_route=%2Fwp%2Fv2%2Fmedia&parent=11053"}],"wp:term":[{"taxonomy":"category","embeddable":true,"href":"https:\/\/zamanturkmenistan.com.tm\/index.php?rest_route=%2Fwp%2Fv2%2Fcategories&post=11053"},{"taxonomy":"post_tag","embeddable":true,"href":"https:\/\/zamanturkmenistan.com.tm\/index.php?rest_route=%2Fwp%2Fv2%2Ftags&post=11053"}],"curies":[{"name":"wp","href":"https:\/\/api.w.org\/{rel}","templated":true}]}}