{"id":110568,"date":"2024-06-27T15:44:14","date_gmt":"2024-06-27T10:44:14","guid":{"rendered":"https:\/\/zamanturkmenistan.com.tm\/?p=110568"},"modified":"2024-06-27T15:44:14","modified_gmt":"2024-06-27T10:44:14","slug":"turkmenistanyn-wekiliyeti-ekspo-2025-butindunya-sergisinin-halkara-gatnasyjylarynyn-dususygyna-gatnasdy","status":"publish","type":"post","link":"https:\/\/zamanturkmenistan.com.tm\/?p=110568","title":{"rendered":"T\u00fcrkmenistany\u0148 wekili\u00fdeti EKSPO-2025 B\u00fctind\u00fcn\u00fd\u00e4 sergisini\u0148 halkara gatna\u015fyjylaryny\u0148 du\u015fu\u015fygyna gatna\u015fdy"},"content":{"rendered":"<p>25-26-njy i\u00fdunda T\u00fcrkmenistany\u0148 S\u00f6wda we da\u015fary ykdysady gatna\u015fyklar ministri B.Go\u00e7molla\u00fdewi\u0148 \u00fdolba\u015f\u00e7ylygyndaky T\u00fcrkmenistany\u0148 wekili\u00fdeti indiki \u00fdyl Osakada ge\u00e7iriljek sergini\u0148 ta\u00fd\u00fdarlyk i\u015flerine bagy\u015flanan EKSPO-2025 B\u00fctind\u00fcn\u00fd\u00e4 sergisini\u0148 halkara gatna\u015fyjylaryny\u0148 \u00ddaponi\u00fdadaky du\u015fu\u015fygyna gatna\u015fdy. Milli pawil\u00fdonlary ta\u00fd\u00fdarlamak, \u00e7\u00e4releri me\u00fdille\u015fdirmek we sergini\u0148 be\u00fdleki gurama\u00e7ylyk taraplary du\u015fu\u015fygy\u0148 esasy temalary boldy.<br \/>\n\u00c7\u00e4r\u00e4ni\u0148 \u00e7\u00e4klerinde T\u00fcrkmenistany\u0148 wekili\u00fdetini\u0148 agzalary bilen \u00ddaponi\u00fdany\u0148 EKSPO-2025 B\u00fctind\u00fcn\u00fd\u00e4 sergi Assosiasi\u00fdasyny\u0148 Ba\u015f sekretaryny\u0148 orunbasary I\u00e7inoki Manatsuny\u0148 arasynda du\u015fu\u015fyk ge\u00e7irildi.<br \/>\nDu\u015fu\u015fygy\u0148 bar\u015fynda T\u00fcrkmenistany\u0148 pawil\u00fdonyny gurmak we ta\u00fd\u00fdarlamak, \u015fe\u00fdle hem sergini guramak bilen baglany\u015fykly me\u00fdilnamalar we wezipeler ara alnyp maslahatla\u015fyldy. \u00ddapon tarapy \u00fdurdu\u0148 EKSPO-2025-e gatna\u015fmaga ta\u00fd\u00fdarlygyny\u0148 \u00fdokary derejesini nygtamak bilen, i\u015fleri\u0148 netijeli gural\u00fdandygy we \u00e4hli wezipeleri\u0148 wagtynda \u00fderine \u00fdetiril\u00fd\u00e4ndigi \u00fc\u00e7in T\u00fcrkmenistana ho\u015fallyk bildiri.<br \/>\nMundan ba\u015fga-da, sapary\u0148 \u00e7\u00e4ginde t\u00fcrkmen wekili\u00fdetini\u0148 agzalary \u00ddume\u015fima adasynda \u00fderle\u015fen sergini\u0148 ge\u00e7iriljek me\u00fddan\u00e7asyna baryp g\u00f6rd\u00fcler we Milli pawil\u00fdony\u0148 gurlu\u015fygyny\u0148 bar\u015fy bilen tany\u015fdylar.<\/p>\n<p>&nbsp;<\/p>\n","protected":false},"excerpt":{"rendered":"<p>25-26-njy i\u00fdunda T\u00fcrkmenistany\u0148 S\u00f6wda we da\u015fary ykdysady gatna\u015fyklar ministri B.Go\u00e7molla\u00fdewi\u0148 \u00fdolba\u015f\u00e7ylygyndaky T\u00fcrkmenistany\u0148 wekili\u00fdeti indiki \u00fdyl Osakada ge\u00e7iriljek sergini\u0148 ta\u00fd\u00fdarlyk i\u015flerine bagy\u015flanan EKSPO-2025 B\u00fctind\u00fcn\u00fd\u00e4 sergisini\u0148 halkara gatna\u015fyjylaryny\u0148 \u00ddaponi\u00fdadaky du\u015fu\u015fygyna gatna\u015fdy. Milli pawil\u00fdonlary ta\u00fd\u00fdarlamak, \u00e7\u00e4releri me\u00fdille\u015fdirmek we sergini\u0148 be\u00fdleki gurama\u00e7ylyk taraplary du\u015fu\u015fygy\u0148 esasy temalary boldy. \u00c7\u00e4r\u00e4ni\u0148 \u00e7\u00e4klerinde T\u00fcrkmenistany\u0148 wekili\u00fdetini\u0148 agzalary bilen \u00ddaponi\u00fdany\u0148 EKSPO-2025 B\u00fctind\u00fcn\u00fd\u00e4 sergi Assosiasi\u00fdasyny\u0148 Ba\u015f [&hellip;]<\/p>\n","protected":false},"author":2,"featured_media":110569,"comment_status":"open","ping_status":"closed","sticky":false,"template":"","format":"standard","meta":{"footnotes":""},"categories":[3],"tags":[],"acf":[],"_links":{"self":[{"href":"https:\/\/zamanturkmenistan.com.tm\/index.php?rest_route=\/wp\/v2\/posts\/110568"}],"collection":[{"href":"https:\/\/zamanturkmenistan.com.tm\/index.php?rest_route=\/wp\/v2\/posts"}],"about":[{"href":"https:\/\/zamanturkmenistan.com.tm\/index.php?rest_route=\/wp\/v2\/types\/post"}],"author":[{"embeddable":true,"href":"https:\/\/zamanturkmenistan.com.tm\/index.php?rest_route=\/wp\/v2\/users\/2"}],"replies":[{"embeddable":true,"href":"https:\/\/zamanturkmenistan.com.tm\/index.php?rest_route=%2Fwp%2Fv2%2Fcomments&post=110568"}],"version-history":[{"count":1,"href":"https:\/\/zamanturkmenistan.com.tm\/index.php?rest_route=\/wp\/v2\/posts\/110568\/revisions"}],"predecessor-version":[{"id":110570,"href":"https:\/\/zamanturkmenistan.com.tm\/index.php?rest_route=\/wp\/v2\/posts\/110568\/revisions\/110570"}],"wp:featuredmedia":[{"embeddable":true,"href":"https:\/\/zamanturkmenistan.com.tm\/index.php?rest_route=\/wp\/v2\/media\/110569"}],"wp:attachment":[{"href":"https:\/\/zamanturkmenistan.com.tm\/index.php?rest_route=%2Fwp%2Fv2%2Fmedia&parent=110568"}],"wp:term":[{"taxonomy":"category","embeddable":true,"href":"https:\/\/zamanturkmenistan.com.tm\/index.php?rest_route=%2Fwp%2Fv2%2Fcategories&post=110568"},{"taxonomy":"post_tag","embeddable":true,"href":"https:\/\/zamanturkmenistan.com.tm\/index.php?rest_route=%2Fwp%2Fv2%2Ftags&post=110568"}],"curies":[{"name":"wp","href":"https:\/\/api.w.org\/{rel}","templated":true}]}}