{"id":110575,"date":"2024-06-27T16:26:51","date_gmt":"2024-06-27T11:26:51","guid":{"rendered":"https:\/\/zamanturkmenistan.com.tm\/?p=110575"},"modified":"2024-06-27T16:26:51","modified_gmt":"2024-06-27T11:26:51","slug":"ertir-eyranda-saylawlar-iki-dalasgar-baslesikden-cekildi","status":"publish","type":"post","link":"https:\/\/zamanturkmenistan.com.tm\/?p=110575","title":{"rendered":"Ertir E\u00fdranda sa\u00fdlawlar: iki dala\u015fg\u00e4r b\u00e4sle\u015fikden \u00e7ekildi"},"content":{"rendered":"<p>Ertir \u2013 28-nji i\u00fdunda E\u00fdranda m\u00f6hletinden \u00f6\u0148ki Prezident sa\u00fdlawlary ge\u00e7iriler. Sa\u00fdlawa az wagt galanda dala\u015fg\u00e4rleri\u0148 ikisi sa\u00fdlawlara gatna\u015fmakdan \u00fd\u00fcz \u00f6w\u00fcrdiler. \u015eehitler we weteranlar gaznasyny\u0148 ba\u015flygy Amir-Huse\u00fdin Gazizade-Ha\u015femi jemgy\u00fdet\u00e7ilik torunda be\u00fdleki 3 konserwator dala\u015fg\u00e4ri\u0148 birle\u015fmegi \u00fc\u00e7in dala\u015fg\u00e4rlikden \u00fd\u00fcz \u00f6wrendigini m\u00e4lim etdi. \u015ee\u00fdle hem ol k\u00e4bir alymlary\u0148 islegi bilen \u015fe\u00fdle karara gelendigini a\u00fdtdy.<br \/>\nBe\u00fdleki dala\u015fg\u00e4r, T\u00e4hrany\u0148 \u00fderli h\u00e4kimi\u00fdetini\u0148 ba\u015flygy Alireza Zakani hem dala\u015fg\u00e4rlikden \u00e7ekilendigini a\u00fdtdy.<br \/>\nIki dala\u015fg\u00e4ri\u0148 dala\u015fg\u00e4rlikden \u00e7ykmagy bilen, sa\u00fdlawlar d\u00f6rt dala\u015fg\u00e4ri\u0148 arasynda ge\u00e7iriler. E\u00fdran Yslam Respublikasyny\u0148 howpsuzlyk ge\u0148e\u015find\u00e4ki ruhy lideri\u0148 wekili Said Jalili, mejlisi\u0148 h\u00e4zirki ba\u015flygy Mohammed Bager Galibaf we i\u00e7eri i\u015fler ministrligini\u0148 \u00f6\u0148ki ba\u015flygy Mostafa Purmohammadi konserwator dala\u015fg\u00e4rler h\u00f6km\u00fcnde gatna\u015f\u00fdan bolsa, E\u00fdrany\u0148 \u00f6\u0148ki saglygy gora\u00fdy\u015f we lukman\u00e7ylyk ministri, T\u00f6wrizi\u0148 deputaty Masud Peze\u015fki\u00fdan reforma\u00e7ylar tarapyndan \u00e7yky\u015f ed\u00fd\u00e4r.<br \/>\nSy\u00fdasy bilermenler konserwatorlardan \u00fdene-de birini\u0148 b\u00e4sle\u015fikden \u00e7ekilip biljekdigini \u00e7akla\u00fdarlar.<\/p>\n","protected":false},"excerpt":{"rendered":"<p>Ertir \u2013 28-nji i\u00fdunda E\u00fdranda m\u00f6hletinden \u00f6\u0148ki Prezident sa\u00fdlawlary ge\u00e7iriler. Sa\u00fdlawa az wagt galanda dala\u015fg\u00e4rleri\u0148 ikisi sa\u00fdlawlara gatna\u015fmakdan \u00fd\u00fcz \u00f6w\u00fcrdiler. \u015eehitler we weteranlar gaznasyny\u0148 ba\u015flygy Amir-Huse\u00fdin Gazizade-Ha\u015femi jemgy\u00fdet\u00e7ilik torunda be\u00fdleki 3 konserwator dala\u015fg\u00e4ri\u0148 birle\u015fmegi \u00fc\u00e7in dala\u015fg\u00e4rlikden \u00fd\u00fcz \u00f6wrendigini m\u00e4lim etdi. \u015ee\u00fdle hem ol k\u00e4bir alymlary\u0148 islegi bilen \u015fe\u00fdle karara gelendigini a\u00fdtdy. Be\u00fdleki dala\u015fg\u00e4r, T\u00e4hrany\u0148 \u00fderli [&hellip;]<\/p>\n","protected":false},"author":2,"featured_media":107246,"comment_status":"open","ping_status":"closed","sticky":false,"template":"","format":"standard","meta":{"footnotes":""},"categories":[5],"tags":[],"acf":[],"_links":{"self":[{"href":"https:\/\/zamanturkmenistan.com.tm\/index.php?rest_route=\/wp\/v2\/posts\/110575"}],"collection":[{"href":"https:\/\/zamanturkmenistan.com.tm\/index.php?rest_route=\/wp\/v2\/posts"}],"about":[{"href":"https:\/\/zamanturkmenistan.com.tm\/index.php?rest_route=\/wp\/v2\/types\/post"}],"author":[{"embeddable":true,"href":"https:\/\/zamanturkmenistan.com.tm\/index.php?rest_route=\/wp\/v2\/users\/2"}],"replies":[{"embeddable":true,"href":"https:\/\/zamanturkmenistan.com.tm\/index.php?rest_route=%2Fwp%2Fv2%2Fcomments&post=110575"}],"version-history":[{"count":1,"href":"https:\/\/zamanturkmenistan.com.tm\/index.php?rest_route=\/wp\/v2\/posts\/110575\/revisions"}],"predecessor-version":[{"id":110576,"href":"https:\/\/zamanturkmenistan.com.tm\/index.php?rest_route=\/wp\/v2\/posts\/110575\/revisions\/110576"}],"wp:featuredmedia":[{"embeddable":true,"href":"https:\/\/zamanturkmenistan.com.tm\/index.php?rest_route=\/wp\/v2\/media\/107246"}],"wp:attachment":[{"href":"https:\/\/zamanturkmenistan.com.tm\/index.php?rest_route=%2Fwp%2Fv2%2Fmedia&parent=110575"}],"wp:term":[{"taxonomy":"category","embeddable":true,"href":"https:\/\/zamanturkmenistan.com.tm\/index.php?rest_route=%2Fwp%2Fv2%2Fcategories&post=110575"},{"taxonomy":"post_tag","embeddable":true,"href":"https:\/\/zamanturkmenistan.com.tm\/index.php?rest_route=%2Fwp%2Fv2%2Ftags&post=110575"}],"curies":[{"name":"wp","href":"https:\/\/api.w.org\/{rel}","templated":true}]}}