{"id":110649,"date":"2024-06-28T11:18:15","date_gmt":"2024-06-28T06:18:15","guid":{"rendered":"https:\/\/zamanturkmenistan.com.tm\/?p=110649"},"modified":"2024-06-28T11:18:15","modified_gmt":"2024-06-28T06:18:15","slug":"daskentde-merkezi-aziyanyn-cagalary-ucin-yoritelesdirilen-sergi-geciriler","status":"publish","type":"post","link":"https:\/\/zamanturkmenistan.com.tm\/?p=110649","title":{"rendered":"Da\u015fkentde Merkezi Azi\u00fdany\u0148 \u00e7agalary \u00fc\u00e7in \u00fd\u00f6ritele\u015fdirilen sergi ge\u00e7iriler"},"content":{"rendered":"<p>\u00d6zbegistan Respublikasyny\u0148 pa\u00fdtagty Da\u015fkent \u015f\u00e4herinde \u015fu \u00fdyly\u0148 6-8-nji no\u00fdabry aralygynda \u201cKids Central Asia 2024\u201d atly Merkezi Azi\u00fdany\u0148 \u00e7agalary \u00fc\u00e7in \u00fd\u00f6ritele\u015fdirilen sergi ge\u00e7iril\u00fd\u00e4r. Sergini\u0148 \u00e7\u00e4klerinde \u00e7agalar \u00fc\u00e7in ni\u00fdetlenen egin-e\u015fikler, i\u00fdmitler, d\u00fcrli harytlar bo\u00fdun\u00e7a diwarlyklary bilen tany\u015fmaga, \u015fe\u00fdle-de d\u00fcn\u00fd\u00e4ni\u0148 en\u00e7eme \u00fdurdundan geljek kompani\u00fdalar bilen i\u015few\u00fcrlik gatna\u015fyklaryny \u00fdola go\u00fdmaga m\u00fcmkin\u00e7ilikler d\u00f6rediler. Bu barada T\u00fcrkmenistany\u0148 Senagat\u00e7ylar we teleke\u00e7iler birle\u015fmesini\u0148 web sa\u00fdty habar ber\u00fd\u00e4r.<br \/>\n<strong>Habarla\u015fmak \u00fc\u00e7in:<\/strong> +99312 21-23-64 \/ 75<\/p>\n","protected":false},"excerpt":{"rendered":"<p>\u00d6zbegistan Respublikasyny\u0148 pa\u00fdtagty Da\u015fkent \u015f\u00e4herinde \u015fu \u00fdyly\u0148 6-8-nji no\u00fdabry aralygynda \u201cKids Central Asia 2024\u201d atly Merkezi Azi\u00fdany\u0148 \u00e7agalary \u00fc\u00e7in \u00fd\u00f6ritele\u015fdirilen sergi ge\u00e7iril\u00fd\u00e4r. Sergini\u0148 \u00e7\u00e4klerinde \u00e7agalar \u00fc\u00e7in ni\u00fdetlenen egin-e\u015fikler, i\u00fdmitler, d\u00fcrli harytlar bo\u00fdun\u00e7a diwarlyklary bilen tany\u015fmaga, \u015fe\u00fdle-de d\u00fcn\u00fd\u00e4ni\u0148 en\u00e7eme \u00fdurdundan geljek kompani\u00fdalar bilen i\u015few\u00fcrlik gatna\u015fyklaryny \u00fdola go\u00fdmaga m\u00fcmkin\u00e7ilikler d\u00f6rediler. Bu barada T\u00fcrkmenistany\u0148 Senagat\u00e7ylar we teleke\u00e7iler birle\u015fmesini\u0148 [&hellip;]<\/p>\n","protected":false},"author":2,"featured_media":110650,"comment_status":"open","ping_status":"closed","sticky":false,"template":"","format":"standard","meta":{"footnotes":""},"categories":[8273],"tags":[],"acf":[],"_links":{"self":[{"href":"https:\/\/zamanturkmenistan.com.tm\/index.php?rest_route=\/wp\/v2\/posts\/110649"}],"collection":[{"href":"https:\/\/zamanturkmenistan.com.tm\/index.php?rest_route=\/wp\/v2\/posts"}],"about":[{"href":"https:\/\/zamanturkmenistan.com.tm\/index.php?rest_route=\/wp\/v2\/types\/post"}],"author":[{"embeddable":true,"href":"https:\/\/zamanturkmenistan.com.tm\/index.php?rest_route=\/wp\/v2\/users\/2"}],"replies":[{"embeddable":true,"href":"https:\/\/zamanturkmenistan.com.tm\/index.php?rest_route=%2Fwp%2Fv2%2Fcomments&post=110649"}],"version-history":[{"count":1,"href":"https:\/\/zamanturkmenistan.com.tm\/index.php?rest_route=\/wp\/v2\/posts\/110649\/revisions"}],"predecessor-version":[{"id":110652,"href":"https:\/\/zamanturkmenistan.com.tm\/index.php?rest_route=\/wp\/v2\/posts\/110649\/revisions\/110652"}],"wp:featuredmedia":[{"embeddable":true,"href":"https:\/\/zamanturkmenistan.com.tm\/index.php?rest_route=\/wp\/v2\/media\/110650"}],"wp:attachment":[{"href":"https:\/\/zamanturkmenistan.com.tm\/index.php?rest_route=%2Fwp%2Fv2%2Fmedia&parent=110649"}],"wp:term":[{"taxonomy":"category","embeddable":true,"href":"https:\/\/zamanturkmenistan.com.tm\/index.php?rest_route=%2Fwp%2Fv2%2Fcategories&post=110649"},{"taxonomy":"post_tag","embeddable":true,"href":"https:\/\/zamanturkmenistan.com.tm\/index.php?rest_route=%2Fwp%2Fv2%2Ftags&post=110649"}],"curies":[{"name":"wp","href":"https:\/\/api.w.org\/{rel}","templated":true}]}}