{"id":110710,"date":"2024-06-28T16:09:22","date_gmt":"2024-06-28T11:09:22","guid":{"rendered":"https:\/\/zamanturkmenistan.com.tm\/?p=110710"},"modified":"2024-06-28T16:09:22","modified_gmt":"2024-06-28T11:09:22","slug":"ankara-saherindaki-magtymguly-pyragynyn-yadygarligine-gul-goymak-dabarasy-gecirildi","status":"publish","type":"post","link":"https:\/\/zamanturkmenistan.com.tm\/?p=110710","title":{"rendered":"Ankara \u015f\u00e4herind\u00e4ki Magtymguly Pyragyny\u0148 \u00fdadyg\u00e4rligine g\u00fcl go\u00fdmak dabarasy ge\u00e7irildi"},"content":{"rendered":"<p>27-nji i\u00fdunynda T\u00fcrkmenistany\u0148 T\u00fcrki\u00fde Respublikasyndaky Il\u00e7ihanasy Ankarany\u0148 merkezind\u00e4ki aja\u00fdyp \u00abT\u00fcrkmenistan\u00bb se\u00fdilg\u00e4hinde oturdylan be\u00fdik t\u00fcrkmen \u015fahyry Magtymguly Pyragyny\u0148 \u00fdadyg\u00e4rligine g\u00fcl go\u00fdmak dabarasyny gurady.<br \/>\nBu \u00e7\u00e4r\u00e4 T\u00fcrki\u00fde Respublikasyny\u0148 Medeni\u00fdet we sy\u00fdahat\u00e7ylyk ministrini\u0148 orunbasary Nadir Alpaslan, T\u00fcrki\u00fd\u00e4ni\u0148 d\u00fcrli ministrliklerini\u0148 we pudak edaralaryny\u0148 \u00fdolba\u015f\u00e7ylary, T\u00fcrki\u00fdede akkreditirlenen birn\u00e4\u00e7e \u00fdurtlary\u0148 Il\u00e7ileri, tanymal \u00fdazyjylar, jemgy\u00fdet\u00e7ilik i\u015fg\u00e4rleri, t\u00fcrkmen diasporasyny\u0148, KHBS-ni\u0148 wekilleri we talyp \u00fda\u015flar gatna\u015fdylar.<br \/>\nGatna\u015fyjylar \u00f6z \u00e7yky\u015flarynda Magtymguly Pyragyny\u0148 d\u00f6redijiligini\u0148 ynsanperwer \u00fd\u00f6relgeleri wagyz etmekde, d\u00fcn\u00fd\u00e4 edebi\u00fdatyny\u0148 hazynasyny ba\u00fdla\u015fdyrmakda we t\u00fcrkmen halkyny\u0148 gymmatlyklaryna d\u00fc\u015f\u00fcnmekde \u00e4girt uly go\u015fant go\u015fandygyny nygtadylar. \u015ee\u00fdle hem T\u00dcRKSO\u00dd-a agza \u00fdurtlary\u0148 medeni\u00fdet ministrlerini\u0148 hemi\u015felik ge\u0148e\u015fini\u0148 karary bilen 2024-nji \u00fdyly\u0148 \u00abBe\u00fdik t\u00fcrkmen \u015fahyry we akyldary Magtymguly Pyragy \u00fdyly\u00bb di\u00fdlip yglan edilendigi bellenildi.<\/p>\n","protected":false},"excerpt":{"rendered":"<p>27-nji i\u00fdunynda T\u00fcrkmenistany\u0148 T\u00fcrki\u00fde Respublikasyndaky Il\u00e7ihanasy Ankarany\u0148 merkezind\u00e4ki aja\u00fdyp \u00abT\u00fcrkmenistan\u00bb se\u00fdilg\u00e4hinde oturdylan be\u00fdik t\u00fcrkmen \u015fahyry Magtymguly Pyragyny\u0148 \u00fdadyg\u00e4rligine g\u00fcl go\u00fdmak dabarasyny gurady. Bu \u00e7\u00e4r\u00e4 T\u00fcrki\u00fde Respublikasyny\u0148 Medeni\u00fdet we sy\u00fdahat\u00e7ylyk ministrini\u0148 orunbasary Nadir Alpaslan, T\u00fcrki\u00fd\u00e4ni\u0148 d\u00fcrli ministrliklerini\u0148 we pudak edaralaryny\u0148 \u00fdolba\u015f\u00e7ylary, T\u00fcrki\u00fdede akkreditirlenen birn\u00e4\u00e7e \u00fdurtlary\u0148 Il\u00e7ileri, tanymal \u00fdazyjylar, jemgy\u00fdet\u00e7ilik i\u015fg\u00e4rleri, t\u00fcrkmen diasporasyny\u0148, KHBS-ni\u0148 wekilleri we talyp [&hellip;]<\/p>\n","protected":false},"author":2,"featured_media":110712,"comment_status":"open","ping_status":"closed","sticky":false,"template":"","format":"standard","meta":{"footnotes":""},"categories":[3],"tags":[],"_links":{"self":[{"href":"https:\/\/zamanturkmenistan.com.tm\/index.php?rest_route=\/wp\/v2\/posts\/110710"}],"collection":[{"href":"https:\/\/zamanturkmenistan.com.tm\/index.php?rest_route=\/wp\/v2\/posts"}],"about":[{"href":"https:\/\/zamanturkmenistan.com.tm\/index.php?rest_route=\/wp\/v2\/types\/post"}],"author":[{"embeddable":true,"href":"https:\/\/zamanturkmenistan.com.tm\/index.php?rest_route=\/wp\/v2\/users\/2"}],"replies":[{"embeddable":true,"href":"https:\/\/zamanturkmenistan.com.tm\/index.php?rest_route=%2Fwp%2Fv2%2Fcomments&post=110710"}],"version-history":[{"count":1,"href":"https:\/\/zamanturkmenistan.com.tm\/index.php?rest_route=\/wp\/v2\/posts\/110710\/revisions"}],"predecessor-version":[{"id":110713,"href":"https:\/\/zamanturkmenistan.com.tm\/index.php?rest_route=\/wp\/v2\/posts\/110710\/revisions\/110713"}],"wp:featuredmedia":[{"embeddable":true,"href":"https:\/\/zamanturkmenistan.com.tm\/index.php?rest_route=\/wp\/v2\/media\/110712"}],"wp:attachment":[{"href":"https:\/\/zamanturkmenistan.com.tm\/index.php?rest_route=%2Fwp%2Fv2%2Fmedia&parent=110710"}],"wp:term":[{"taxonomy":"category","embeddable":true,"href":"https:\/\/zamanturkmenistan.com.tm\/index.php?rest_route=%2Fwp%2Fv2%2Fcategories&post=110710"},{"taxonomy":"post_tag","embeddable":true,"href":"https:\/\/zamanturkmenistan.com.tm\/index.php?rest_route=%2Fwp%2Fv2%2Ftags&post=110710"}],"curies":[{"name":"wp","href":"https:\/\/api.w.org\/{rel}","templated":true}]}}