{"id":110725,"date":"2024-06-28T17:00:17","date_gmt":"2024-06-28T12:00:17","guid":{"rendered":"https:\/\/zamanturkmenistan.com.tm\/?p=110725"},"modified":"2024-06-28T17:00:17","modified_gmt":"2024-06-28T12:00:17","slug":"eyranda-prezident-saylawlary-gecirilyar","status":"publish","type":"post","link":"https:\/\/zamanturkmenistan.com.tm\/?p=110725","title":{"rendered":"E\u00fdranda Prezident sa\u00fdlawlary ge\u00e7iril\u00fd\u00e4r"},"content":{"rendered":"<p>\u015eu g\u00fcn \u2013 28-nji i\u00fdunda E\u00fdranda ge\u00e7iril\u00fd\u00e4n Prezident sa\u00fdlawlaryna ses beri\u015flik \u00fc\u00e7in sa\u00fdlaw u\u00e7astoklary \u00fderli wagt bilen sagat 08:00-da a\u00e7yldy.<br \/>\nYslam Respublikasyny\u0148 sa\u00fdlaw \u015ftabynda sa\u00fdlaw u\u00e7astoklaryny\u0148 \u00fdapylmagyny\u0148 18.00-a me\u00fdille\u015fdirilendigini, \u00fd\u00f6ne zerur bolsa, uzaldylmagyny\u0148 m\u00fcmkindigini habar berdi. E\u00fdrany\u0148 i\u00e7eri i\u015fler ministri Ahmed Wahidi bu sa\u00fdlawlarda howpsuzlyk meselesine k\u00f6p \u00fcns beril\u00fd\u00e4ndigini a\u00fdtdy. 180 m\u00fc\u0148 t\u00f6weregi hukuk gora\u00fdjy i\u015fg\u00e4r sa\u00fdlaw u\u00e7astoklaryndaky tertibi \u00fcpj\u00fcn ed\u00fd\u00e4r.<br \/>\nDala\u015fg\u00e4rlikleri ilki E\u00fdrany\u0148 Konstitusi\u00fdasyny\u0148 gorag\u00e7ylar ge\u0148e\u015fi tarapyndan tassyklanan alty sy\u00fdasat\u00e7yny\u0148 d\u00f6rd\u00fcsi prezidentlik b\u00e4sle\u015figine gatna\u015f\u00fdar. Wise-prezident Amir Hose\u00fdin Gazizade Ha\u015femini\u0148 26-njy i\u00fdunda konserwatorlary\u0148 pe\u00fddasyna dala\u015fg\u00e4rligini yzyna al\u00fdandygyny yglan edeninden so\u0148, T\u00e4hrany\u0148 h\u00e4kimi Alireza Zakani 27-nji i\u00fdunda \u015fu\u0148a me\u0148ze\u015f karar berdi. Ol konserwatiw ganatdan iki esasy dala\u015fg\u00e4ri \u2013 mejlisi\u0148 ba\u015flygy Muhammet Bager Galibafy we Respublikany\u0148 Howpsuzlyk Ge\u0148e\u015find\u00e4ki ruhy lideri\u0148 wekili Said Jalilini goldap \u00e7yky\u015f etdi. Olardan ba\u015fga-da, b\u00e4sle\u015fikde i\u00e7erki i\u015fler we adalat ministrligini\u0148 \u00f6\u0148ki ba\u015flygy Mostafa Purmohammadi we reforma\u00e7y toparyndan \u00fdeke-t\u00e4k dala\u015fg\u00e4r \u2013 \u00f6\u0148ki saglygy gora\u00fdy\u015f ministri Masud Peze\u015fki\u00fdan bar.<br \/>\nSes beri\u015flige 18 \u00fda\u015fdan we ondan uly E\u00fdran ra\u00fdatlary gatna\u015fyp bilerler. Ses beri\u015fligi\u0148 tertibi E\u00fdrany\u0148 i\u00e7inde we be\u00fdleki \u00fdurtlarda, takmynan, 90 m\u00fc\u0148 nokatda ge\u00e7iriler. Sa\u00fdlaw merkezleri 99 \u00fdurtdaky 138 wekilhanada g\u00f6z \u00f6\u0148\u00fcnde tutulan. Ilkinji ses beri\u015fligi\u0148 netijelerini\u0148 29-njy i\u00fdunda g\u00fcnortandan \u00f6\u0148 yglan edilmegine gara\u015fyl\u00fdar.<\/p>\n","protected":false},"excerpt":{"rendered":"<p>\u015eu g\u00fcn \u2013 28-nji i\u00fdunda E\u00fdranda ge\u00e7iril\u00fd\u00e4n Prezident sa\u00fdlawlaryna ses beri\u015flik \u00fc\u00e7in sa\u00fdlaw u\u00e7astoklary \u00fderli wagt bilen sagat 08:00-da a\u00e7yldy. Yslam Respublikasyny\u0148 sa\u00fdlaw \u015ftabynda sa\u00fdlaw u\u00e7astoklaryny\u0148 \u00fdapylmagyny\u0148 18.00-a me\u00fdille\u015fdirilendigini, \u00fd\u00f6ne zerur bolsa, uzaldylmagyny\u0148 m\u00fcmkindigini habar berdi. E\u00fdrany\u0148 i\u00e7eri i\u015fler ministri Ahmed Wahidi bu sa\u00fdlawlarda howpsuzlyk meselesine k\u00f6p \u00fcns beril\u00fd\u00e4ndigini a\u00fdtdy. 180 m\u00fc\u0148 t\u00f6weregi hukuk gora\u00fdjy [&hellip;]<\/p>\n","protected":false},"author":2,"featured_media":110726,"comment_status":"open","ping_status":"closed","sticky":false,"template":"","format":"standard","meta":{"footnotes":""},"categories":[5],"tags":[],"_links":{"self":[{"href":"https:\/\/zamanturkmenistan.com.tm\/index.php?rest_route=\/wp\/v2\/posts\/110725"}],"collection":[{"href":"https:\/\/zamanturkmenistan.com.tm\/index.php?rest_route=\/wp\/v2\/posts"}],"about":[{"href":"https:\/\/zamanturkmenistan.com.tm\/index.php?rest_route=\/wp\/v2\/types\/post"}],"author":[{"embeddable":true,"href":"https:\/\/zamanturkmenistan.com.tm\/index.php?rest_route=\/wp\/v2\/users\/2"}],"replies":[{"embeddable":true,"href":"https:\/\/zamanturkmenistan.com.tm\/index.php?rest_route=%2Fwp%2Fv2%2Fcomments&post=110725"}],"version-history":[{"count":1,"href":"https:\/\/zamanturkmenistan.com.tm\/index.php?rest_route=\/wp\/v2\/posts\/110725\/revisions"}],"predecessor-version":[{"id":110727,"href":"https:\/\/zamanturkmenistan.com.tm\/index.php?rest_route=\/wp\/v2\/posts\/110725\/revisions\/110727"}],"wp:featuredmedia":[{"embeddable":true,"href":"https:\/\/zamanturkmenistan.com.tm\/index.php?rest_route=\/wp\/v2\/media\/110726"}],"wp:attachment":[{"href":"https:\/\/zamanturkmenistan.com.tm\/index.php?rest_route=%2Fwp%2Fv2%2Fmedia&parent=110725"}],"wp:term":[{"taxonomy":"category","embeddable":true,"href":"https:\/\/zamanturkmenistan.com.tm\/index.php?rest_route=%2Fwp%2Fv2%2Fcategories&post=110725"},{"taxonomy":"post_tag","embeddable":true,"href":"https:\/\/zamanturkmenistan.com.tm\/index.php?rest_route=%2Fwp%2Fv2%2Ftags&post=110725"}],"curies":[{"name":"wp","href":"https:\/\/api.w.org\/{rel}","templated":true}]}}