{"id":110728,"date":"2024-06-28T17:14:45","date_gmt":"2024-06-28T12:14:45","guid":{"rendered":"https:\/\/zamanturkmenistan.com.tm\/?p=110728"},"modified":"2024-06-28T17:15:13","modified_gmt":"2024-06-28T12:15:13","slug":"azerbayjanda-nobatdan-dasary-parlament-saylawlary-geciriler","status":"publish","type":"post","link":"https:\/\/zamanturkmenistan.com.tm\/?p=110728","title":{"rendered":"Azerba\u00fdjanda nobatdan da\u015fary parlament sa\u00fdlawlary ge\u00e7iriler"},"content":{"rendered":"<p>Azerba\u00fdjany\u0148 Prezidenti Ylham Aly\u00fdew 1-nji sent\u00fdabrda \u00fdurtda m\u00f6hletinden \u00f6\u0148 parlament sa\u00fdlawlaryny\u0148 ge\u00e7iriljekdigini habar berdi. Aly\u00fdew Azerba\u00fdjany\u0148 Milli mejlisini\u0148 altynjy \u00e7agyr\u015fyny \u00fdatyryp, m\u00f6hletinden \u00f6\u0148 sa\u00fdlawlary ge\u00e7irmek baradaky karara gol \u00e7ekdi.<br \/>\n\u201cAzerba\u00fdjan Respublikasyny\u0148 Konstitusi\u00fdasyny\u0148 98.1-nji maddasyny\u0148 birinji b\u00f6l\u00fcmine we 109-njy maddasyny\u0148 1-nji b\u00f6l\u00fcmine esaslanyp, Azerba\u00fdjan Respublikasyny\u0148 Milli mejlisini altynjy \u00e7agyr\u015fyny \u00fdatyrmak barada karar kabul etdim. 2024-nji \u00fdyly\u0148 1-nji sent\u00fdabryna Azerba\u00fdjan Respublikasyny\u0148 Milli mejlisine nobatdan da\u015fary sa\u00fdlawlary ge\u00e7irmegi me\u00fdille\u015fdirmeli\u201d di\u00fdlip, resminamada bellenil\u00fd\u00e4r.<\/p>\n","protected":false},"excerpt":{"rendered":"<p>Azerba\u00fdjany\u0148 Prezidenti Ylham Aly\u00fdew 1-nji sent\u00fdabrda \u00fdurtda m\u00f6hletinden \u00f6\u0148 parlament sa\u00fdlawlaryny\u0148 ge\u00e7iriljekdigini habar berdi. Aly\u00fdew Azerba\u00fdjany\u0148 Milli mejlisini\u0148 altynjy \u00e7agyr\u015fyny \u00fdatyryp, m\u00f6hletinden \u00f6\u0148 sa\u00fdlawlary ge\u00e7irmek baradaky karara gol \u00e7ekdi. \u201cAzerba\u00fdjan Respublikasyny\u0148 Konstitusi\u00fdasyny\u0148 98.1-nji maddasyny\u0148 birinji b\u00f6l\u00fcmine we 109-njy maddasyny\u0148 1-nji b\u00f6l\u00fcmine esaslanyp, Azerba\u00fdjan Respublikasyny\u0148 Milli mejlisini altynjy \u00e7agyr\u015fyny \u00fdatyrmak barada karar kabul etdim. 2024-nji \u00fdyly\u0148 [&hellip;]<\/p>\n","protected":false},"author":2,"featured_media":89049,"comment_status":"open","ping_status":"closed","sticky":false,"template":"","format":"standard","meta":{"footnotes":""},"categories":[5],"tags":[],"_links":{"self":[{"href":"https:\/\/zamanturkmenistan.com.tm\/index.php?rest_route=\/wp\/v2\/posts\/110728"}],"collection":[{"href":"https:\/\/zamanturkmenistan.com.tm\/index.php?rest_route=\/wp\/v2\/posts"}],"about":[{"href":"https:\/\/zamanturkmenistan.com.tm\/index.php?rest_route=\/wp\/v2\/types\/post"}],"author":[{"embeddable":true,"href":"https:\/\/zamanturkmenistan.com.tm\/index.php?rest_route=\/wp\/v2\/users\/2"}],"replies":[{"embeddable":true,"href":"https:\/\/zamanturkmenistan.com.tm\/index.php?rest_route=%2Fwp%2Fv2%2Fcomments&post=110728"}],"version-history":[{"count":1,"href":"https:\/\/zamanturkmenistan.com.tm\/index.php?rest_route=\/wp\/v2\/posts\/110728\/revisions"}],"predecessor-version":[{"id":110730,"href":"https:\/\/zamanturkmenistan.com.tm\/index.php?rest_route=\/wp\/v2\/posts\/110728\/revisions\/110730"}],"wp:featuredmedia":[{"embeddable":true,"href":"https:\/\/zamanturkmenistan.com.tm\/index.php?rest_route=\/wp\/v2\/media\/89049"}],"wp:attachment":[{"href":"https:\/\/zamanturkmenistan.com.tm\/index.php?rest_route=%2Fwp%2Fv2%2Fmedia&parent=110728"}],"wp:term":[{"taxonomy":"category","embeddable":true,"href":"https:\/\/zamanturkmenistan.com.tm\/index.php?rest_route=%2Fwp%2Fv2%2Fcategories&post=110728"},{"taxonomy":"post_tag","embeddable":true,"href":"https:\/\/zamanturkmenistan.com.tm\/index.php?rest_route=%2Fwp%2Fv2%2Ftags&post=110728"}],"curies":[{"name":"wp","href":"https:\/\/api.w.org\/{rel}","templated":true}]}}