{"id":110761,"date":"2024-06-28T18:46:39","date_gmt":"2024-06-28T13:46:39","guid":{"rendered":"https:\/\/zamanturkmenistan.com.tm\/?p=110761"},"modified":"2024-06-28T18:46:39","modified_gmt":"2024-06-28T13:46:39","slug":"belarusda-taze-dasary-isler-ministri-bellendi","status":"publish","type":"post","link":"https:\/\/zamanturkmenistan.com.tm\/?p=110761","title":{"rendered":"Belarusda t\u00e4ze da\u015fary i\u015fler ministri bellendi"},"content":{"rendered":"<p>Belarusy\u0148 Prezidenti Aleksandr Luka\u015fenko Maksim Ry\u017eenkowy \u00fdurdu\u0148 t\u00e4ze da\u015fary i\u015fler ministri wezipesine belledi. Bu barada \u00fdurdu\u0148 \u201cBELTA\u201d habarlar gullugy habar berdi.<br \/>\nMundan \u00f6\u0148 Maksim Ry\u017eenkow Belarusy\u0148 Prezident administrasi\u00fdasyny\u0148 ba\u015flygyny\u0148 birinji orunbasary bolup i\u015fledi.<br \/>\nH\u00e4zirki wagtda \u00e7enli da\u015fary i\u015fler ministri wezipesini \u00fderine \u00fdetiren Serge\u00fd Ale\u00fdniki\u0148 hem \u00fdurdu\u0148 Ge\u0148e\u015fini\u0148 agzasy wezipesine bellenendigi habar berildi.<\/p>\n","protected":false},"excerpt":{"rendered":"<p>Belarusy\u0148 Prezidenti Aleksandr Luka\u015fenko Maksim Ry\u017eenkowy \u00fdurdu\u0148 t\u00e4ze da\u015fary i\u015fler ministri wezipesine belledi. Bu barada \u00fdurdu\u0148 \u201cBELTA\u201d habarlar gullugy habar berdi. Mundan \u00f6\u0148 Maksim Ry\u017eenkow Belarusy\u0148 Prezident administrasi\u00fdasyny\u0148 ba\u015flygyny\u0148 birinji orunbasary bolup i\u015fledi. H\u00e4zirki wagtda \u00e7enli da\u015fary i\u015fler ministri wezipesini \u00fderine \u00fdetiren Serge\u00fd Ale\u00fdniki\u0148 hem \u00fdurdu\u0148 Ge\u0148e\u015fini\u0148 agzasy wezipesine bellenendigi habar berildi.<\/p>\n","protected":false},"author":2,"featured_media":110762,"comment_status":"open","ping_status":"closed","sticky":false,"template":"","format":"standard","meta":{"footnotes":""},"categories":[5],"tags":[],"_links":{"self":[{"href":"https:\/\/zamanturkmenistan.com.tm\/index.php?rest_route=\/wp\/v2\/posts\/110761"}],"collection":[{"href":"https:\/\/zamanturkmenistan.com.tm\/index.php?rest_route=\/wp\/v2\/posts"}],"about":[{"href":"https:\/\/zamanturkmenistan.com.tm\/index.php?rest_route=\/wp\/v2\/types\/post"}],"author":[{"embeddable":true,"href":"https:\/\/zamanturkmenistan.com.tm\/index.php?rest_route=\/wp\/v2\/users\/2"}],"replies":[{"embeddable":true,"href":"https:\/\/zamanturkmenistan.com.tm\/index.php?rest_route=%2Fwp%2Fv2%2Fcomments&post=110761"}],"version-history":[{"count":1,"href":"https:\/\/zamanturkmenistan.com.tm\/index.php?rest_route=\/wp\/v2\/posts\/110761\/revisions"}],"predecessor-version":[{"id":110763,"href":"https:\/\/zamanturkmenistan.com.tm\/index.php?rest_route=\/wp\/v2\/posts\/110761\/revisions\/110763"}],"wp:featuredmedia":[{"embeddable":true,"href":"https:\/\/zamanturkmenistan.com.tm\/index.php?rest_route=\/wp\/v2\/media\/110762"}],"wp:attachment":[{"href":"https:\/\/zamanturkmenistan.com.tm\/index.php?rest_route=%2Fwp%2Fv2%2Fmedia&parent=110761"}],"wp:term":[{"taxonomy":"category","embeddable":true,"href":"https:\/\/zamanturkmenistan.com.tm\/index.php?rest_route=%2Fwp%2Fv2%2Fcategories&post=110761"},{"taxonomy":"post_tag","embeddable":true,"href":"https:\/\/zamanturkmenistan.com.tm\/index.php?rest_route=%2Fwp%2Fv2%2Ftags&post=110761"}],"curies":[{"name":"wp","href":"https:\/\/api.w.org\/{rel}","templated":true}]}}