{"id":110784,"date":"2024-06-29T09:54:34","date_gmt":"2024-06-29T04:54:34","guid":{"rendered":"https:\/\/zamanturkmenistan.com.tm\/?p=110784"},"modified":"2024-06-29T11:09:15","modified_gmt":"2024-06-29T06:09:15","slug":"arkadag-saherinde-birnace-binalar-we-desgalar-gurular","status":"publish","type":"post","link":"https:\/\/zamanturkmenistan.com.tm\/?p=110784","title":{"rendered":"Arkadag \u015f\u00e4herinde birn\u00e4\u00e7e binalar we desgalar gurlar"},"content":{"rendered":"<p>28-nji i\u00fdunda hormatly Prezidentimiz Serdar Berdimuhamedow sanly ulgam arkaly Ministrler Kabinetini\u0148 nobatdaky mejlisini ge\u00e7irdi. Onda d\u00f6wlet durmu\u015fyna degi\u015fli birn\u00e4\u00e7e meselelere garaldy.<br \/>\nMejlisde \u201cBerkarar d\u00f6wleti\u0148 t\u00e4ze e\u00fd\u00fdamyny\u0148 Galkyny\u015fy: T\u00fcrkmenistany 2022 \u2014 2052-nji \u00fdyllarda durmu\u015f-ykdysady ta\u00fddan \u00f6sd\u00fcrmegi\u0148 Milli maksatnamasynda\u201d bellenen wezipeleri \u00fcst\u00fcnlikli durmu\u015fa ge\u00e7irmek, Arkadag \u015f\u00e4herini\u0148 binag\u00e4rlik-\u015f\u00e4hergurlu\u015fyk ke\u015fbini has-da g\u00f6zelle\u015fdirmek maksady bilen, T\u00fcrkmenistany\u0148 Prezidenti Karara gol \u00e7ekdi. Resminama la\u00fdyklykda, degi\u015fli edara-k\u00e4rhanalara binalary\u0148 we desgalary\u0148 taslamalaryny d\u00fczmek hem-de olary \u00fdana\u015fyk \u00fderlerini abadanla\u015fdyryp gurmak barada \u00fderli gurlu\u015fyk k\u00e4rhanalary bilen \u015fertnamalary bagla\u015fmaga ygty\u00fdar berildi.<br \/>\nGurlu\u015fyk i\u015flerine 2024-nji \u00fdyly\u0148 i\u00fdun a\u00fdynda ba\u015flamak hem-de binalary we desgalary 2026-njy \u00fdyly\u0148 sent\u00fdabr a\u00fdynda ulanmaga doly ta\u00fd\u00fdar edip tab\u015fyrmak bellenildi.<br \/>\nD\u00f6wlet Ba\u015ftutanymyz mejlisde gatna\u015fyjylara \u00fd\u00fczlenip, h\u00e4zirki d\u00f6w\u00fcrde \u00fdurdumyzda halkymyzy\u0148 b\u00e4hbidine g\u00f6n\u00fckdirilen gi\u0148 gerimli \u00f6zgertmeleri\u0148 \u00fcst\u00fcnlikli durmu\u015fa ge\u00e7iril\u00fd\u00e4ndigini belledi. 29-njy i\u00fdunda Arkadag \u015f\u00e4herini\u0148 a\u00e7ylmagyna bir \u00fdyl bol\u00fdar. Gahryman Arkadagymyzy\u0148 ba\u015flangyjy bilen gurlan Arkadag \u015f\u00e4heri berkarar d\u00f6wletimizi\u0148 ykdysady kuwwatyny g\u00f6rkez\u00fd\u00e4r. D\u00f6wrebap \u015f\u00e4herde \u00fda\u015famak, i\u015flemek we medeni\u00fdetli dyn\u00e7 almak \u00fc\u00e7in \u00e4hli amatly \u015fertler d\u00f6redildi.<br \/>\nHormatly Prezidentimiz bagty\u00fdar ra\u00fdatlarymyzy\u0148 hal-\u00fdagda\u00fdyny has-da gowulandyrmak maksady bilen, Arkadag \u015f\u00e4herini\u0148 ikinji tapgyryny\u0148 gurlu\u015fygyna degi\u015fli binalary we desgalary gurmak hakynda Karara gol \u00e7ekip, Gahryman Arkadagymyzy we m\u00e4hriban halkymyzy, mejlise gatna\u015fyjylary Arkadag \u015f\u00e4herini\u0148 a\u00e7ylmagyny\u0148 bir \u00fdyllygy mynasybetli t\u00fc\u00fds \u00fd\u00fcrekden gutlady.<\/p>\n<p><img decoding=\"async\" loading=\"lazy\" class=\"aligncenter wp-image-110849 size-full\" src=\"https:\/\/zamanturkmenistan.com.tm\/wp-content\/uploads\/2024\/06\/arkadag-guruljak-binalar-taze-binalar.jpg\" alt=\"\" width=\"800\" height=\"434\" srcset=\"https:\/\/zamanturkmenistan.com.tm\/wp-content\/uploads\/2024\/06\/arkadag-guruljak-binalar-taze-binalar.jpg 800w, https:\/\/zamanturkmenistan.com.tm\/wp-content\/uploads\/2024\/06\/arkadag-guruljak-binalar-taze-binalar-300x163.jpg 300w, https:\/\/zamanturkmenistan.com.tm\/wp-content\/uploads\/2024\/06\/arkadag-guruljak-binalar-taze-binalar-768x417.jpg 768w, https:\/\/zamanturkmenistan.com.tm\/wp-content\/uploads\/2024\/06\/arkadag-guruljak-binalar-taze-binalar-696x378.jpg 696w, https:\/\/zamanturkmenistan.com.tm\/wp-content\/uploads\/2024\/06\/arkadag-guruljak-binalar-taze-binalar-774x420.jpg 774w\" sizes=\"(max-width: 800px) 100vw, 800px\" \/><\/p>\n","protected":false},"excerpt":{"rendered":"<p>28-nji i\u00fdunda hormatly Prezidentimiz Serdar Berdimuhamedow sanly ulgam arkaly Ministrler Kabinetini\u0148 nobatdaky mejlisini ge\u00e7irdi. Onda d\u00f6wlet durmu\u015fyna degi\u015fli birn\u00e4\u00e7e meselelere garaldy. Mejlisde \u201cBerkarar d\u00f6wleti\u0148 t\u00e4ze e\u00fd\u00fdamyny\u0148 Galkyny\u015fy: T\u00fcrkmenistany 2022 \u2014 2052-nji \u00fdyllarda durmu\u015f-ykdysady ta\u00fddan \u00f6sd\u00fcrmegi\u0148 Milli maksatnamasynda\u201d bellenen wezipeleri \u00fcst\u00fcnlikli durmu\u015fa ge\u00e7irmek, Arkadag \u015f\u00e4herini\u0148 binag\u00e4rlik-\u015f\u00e4hergurlu\u015fyk ke\u015fbini has-da g\u00f6zelle\u015fdirmek maksady bilen, T\u00fcrkmenistany\u0148 Prezidenti Karara gol \u00e7ekdi. [&hellip;]<\/p>\n","protected":false},"author":2,"featured_media":110848,"comment_status":"open","ping_status":"closed","sticky":false,"template":"","format":"standard","meta":{"footnotes":""},"categories":[3],"tags":[],"acf":[],"_links":{"self":[{"href":"https:\/\/zamanturkmenistan.com.tm\/index.php?rest_route=\/wp\/v2\/posts\/110784"}],"collection":[{"href":"https:\/\/zamanturkmenistan.com.tm\/index.php?rest_route=\/wp\/v2\/posts"}],"about":[{"href":"https:\/\/zamanturkmenistan.com.tm\/index.php?rest_route=\/wp\/v2\/types\/post"}],"author":[{"embeddable":true,"href":"https:\/\/zamanturkmenistan.com.tm\/index.php?rest_route=\/wp\/v2\/users\/2"}],"replies":[{"embeddable":true,"href":"https:\/\/zamanturkmenistan.com.tm\/index.php?rest_route=%2Fwp%2Fv2%2Fcomments&post=110784"}],"version-history":[{"count":3,"href":"https:\/\/zamanturkmenistan.com.tm\/index.php?rest_route=\/wp\/v2\/posts\/110784\/revisions"}],"predecessor-version":[{"id":110850,"href":"https:\/\/zamanturkmenistan.com.tm\/index.php?rest_route=\/wp\/v2\/posts\/110784\/revisions\/110850"}],"wp:featuredmedia":[{"embeddable":true,"href":"https:\/\/zamanturkmenistan.com.tm\/index.php?rest_route=\/wp\/v2\/media\/110848"}],"wp:attachment":[{"href":"https:\/\/zamanturkmenistan.com.tm\/index.php?rest_route=%2Fwp%2Fv2%2Fmedia&parent=110784"}],"wp:term":[{"taxonomy":"category","embeddable":true,"href":"https:\/\/zamanturkmenistan.com.tm\/index.php?rest_route=%2Fwp%2Fv2%2Fcategories&post=110784"},{"taxonomy":"post_tag","embeddable":true,"href":"https:\/\/zamanturkmenistan.com.tm\/index.php?rest_route=%2Fwp%2Fv2%2Ftags&post=110784"}],"curies":[{"name":"wp","href":"https:\/\/api.w.org\/{rel}","templated":true}]}}