{"id":110785,"date":"2024-06-29T09:57:31","date_gmt":"2024-06-29T04:57:31","guid":{"rendered":"https:\/\/zamanturkmenistan.com.tm\/?p=110785"},"modified":"2024-06-29T09:57:31","modified_gmt":"2024-06-29T04:57:31","slug":"yurdumyzyn-wekiliyeti-bakuda-geciriljek-cop29-maslahatyna-gatnasar","status":"publish","type":"post","link":"https:\/\/zamanturkmenistan.com.tm\/?p=110785","title":{"rendered":"\u00ddurdumyzy\u0148 wekili\u00fdeti Bakuda ge\u00e7iriljek COP29 maslahatyna gatna\u015far"},"content":{"rendered":"<p>D\u00f6wletimiz \u00e4hlumumy g\u00fcn tertibini\u0148 strategik ta\u00fddan m\u00f6h\u00fcm meselelerine, hususan-da, howany\u0148 \u00fc\u00fdtgemegi bilen bagly mesel\u00e4 a\u00fdratyn \u00fcns ber\u00fd\u00e4r. Birle\u015fen Milletler Guramasyny\u0148 Howany\u0148 \u00fc\u00fdtgemegi baradaky \u00c7ar\u00e7uwaly konwensi\u00fdasyna gatna\u015fyjy taraplary\u0148 28-nji maslahatynda (COP28) hormatly Prezidentimiz bu ugurda m\u00f6h\u00fcm ba\u015flangy\u00e7lary \u00f6\u0148e s\u00fcrdi. H\u00e4zirki wagtda olary amala a\u015fyrmak bo\u00fdun\u00e7a degi\u015fli i\u015fler ge\u00e7iril\u00fd\u00e4r. Bellenili\u015fi \u00fdaly, 2022-nji \u00fdyly\u0148 ma\u00fdynda d\u00f6wlet Ba\u015ftutanymyzy\u0148 Karary bilen, howany\u0148 \u00fc\u00fdtgemegi bo\u00fdun\u00e7a Pari\u017e ylala\u015fygy esasynda T\u00fcrkmenistany\u0148 Milli derejede kesgitlenen go\u015fandy (NDC) tassyklanylyp, ony durmu\u015fa ge\u00e7irmek bo\u00fdun\u00e7a yzygiderli \u00e7\u00e4reler g\u00f6r\u00fcl\u00fd\u00e4r. \u015eol bir wagtda, BMG-ni\u0148 Howany\u0148 \u00fc\u00fdtgemegi baradaky \u00c7ar\u00e7uwaly konwensi\u00fdasyny\u0148 esasynda T\u00fcrkmenistany\u0148 4-nji milli hasabatyny ta\u00fd\u00fdarlamak i\u015fleri jemlenil\u00fd\u00e4r we \u015fu \u00fdyly\u0148 ahyryna \u00e7enli bu hasabaty agzalan Konwensi\u00fdany\u0148 Sekretariatyna ibermek g\u00f6z \u00f6\u0148\u00fcnde tutul\u00fdar.<br \/>\n\u015eu \u00fdyly\u0148 11 \u2014 22-nji no\u00fdabry aralygynda Azerba\u00fdjan Respublikasyny\u0148 Baku \u015f\u00e4herinde Birle\u015fen Milletler Guramasyny\u0148 Howany\u0148 \u00fc\u00fdtgemegi baradaky \u00c7ar\u00e7uwaly konwensi\u00fdasyna gatna\u015fyjy taraplary\u0148 29-njy maslahaty (COP29) ge\u00e7iriler. Onu\u0148 dowamynda howany\u0148 \u00fc\u00fdtgemegi bilen bagly meseleleri\u0148 gi\u0148 toplumyna serediler we degi\u015fli hasabatlar di\u0148leniler. \u015eunu\u0148 bilen baglylykda, hormatly Prezidentimizi\u0148 m\u00f6h\u00fcm ba\u015flangy\u00e7laryna esaslanyp, bu ulgamda halkara hyzmatda\u015flygy \u00f6sd\u00fcrmek bo\u00fdun\u00e7a birn\u00e4\u00e7e teklipler ta\u00fd\u00fdarlanyldy.<br \/>\n\u201cCOP29-a\u201d \u00fdurdumyzy\u0148 wekili\u00fdetini\u0148 gatna\u015fmagy bo\u00fdun\u00e7a indiki a\u00fddan ulgamla\u00fdyn esasda ta\u00fd\u00fdarlyk i\u015flerine ba\u015flamak hem-de 22-nji i\u00fdulda Da\u015fky gur\u015fawy goramak meseleleri bo\u00fdun\u00e7a pudagara komissi\u00fdany\u0148 \u00e7\u00e4ginde d\u00f6redilen i\u015f toparyny\u0148 nobatdaky mejlisini ge\u00e7irmek teklip edil\u00fd\u00e4r. Bu mejlisi\u0148 netijeleri bo\u00fdun\u00e7a T\u00fcrkmenistanda parnik gazlaryny\u0148 zy\u0148yndylaryny azaltmak we howany\u0148 \u00fc\u00fdtgemegine u\u00fdgunla\u015fmak bo\u00fdun\u00e7a t\u00e4ze taslamalary i\u015fl\u00e4p ta\u00fd\u00fdarlamak maksadala\u00fdyk hasaplan\u00fdar.<br \/>\nBu barada Ministrler Kabinetini\u0148 Ba\u015flygyny\u0148 orunbasary, da\u015fary i\u015fler ministri R.Meredow 28-nji i\u00fdunda ge\u00e7irilen sanly ulgam arkaly Ministrler Kabinetini\u0148 mejlisinde hasabat berdi.<\/p>\n","protected":false},"excerpt":{"rendered":"<p>D\u00f6wletimiz \u00e4hlumumy g\u00fcn tertibini\u0148 strategik ta\u00fddan m\u00f6h\u00fcm meselelerine, hususan-da, howany\u0148 \u00fc\u00fdtgemegi bilen bagly mesel\u00e4 a\u00fdratyn \u00fcns ber\u00fd\u00e4r. Birle\u015fen Milletler Guramasyny\u0148 Howany\u0148 \u00fc\u00fdtgemegi baradaky \u00c7ar\u00e7uwaly konwensi\u00fdasyna gatna\u015fyjy taraplary\u0148 28-nji maslahatynda (COP28) hormatly Prezidentimiz bu ugurda m\u00f6h\u00fcm ba\u015flangy\u00e7lary \u00f6\u0148e s\u00fcrdi. H\u00e4zirki wagtda olary amala a\u015fyrmak bo\u00fdun\u00e7a degi\u015fli i\u015fler ge\u00e7iril\u00fd\u00e4r. Bellenili\u015fi \u00fdaly, 2022-nji \u00fdyly\u0148 ma\u00fdynda d\u00f6wlet Ba\u015ftutanymyzy\u0148 Karary [&hellip;]<\/p>\n","protected":false},"author":2,"featured_media":110787,"comment_status":"open","ping_status":"closed","sticky":false,"template":"","format":"standard","meta":{"footnotes":""},"categories":[3],"tags":[],"acf":[],"_links":{"self":[{"href":"https:\/\/zamanturkmenistan.com.tm\/index.php?rest_route=\/wp\/v2\/posts\/110785"}],"collection":[{"href":"https:\/\/zamanturkmenistan.com.tm\/index.php?rest_route=\/wp\/v2\/posts"}],"about":[{"href":"https:\/\/zamanturkmenistan.com.tm\/index.php?rest_route=\/wp\/v2\/types\/post"}],"author":[{"embeddable":true,"href":"https:\/\/zamanturkmenistan.com.tm\/index.php?rest_route=\/wp\/v2\/users\/2"}],"replies":[{"embeddable":true,"href":"https:\/\/zamanturkmenistan.com.tm\/index.php?rest_route=%2Fwp%2Fv2%2Fcomments&post=110785"}],"version-history":[{"count":1,"href":"https:\/\/zamanturkmenistan.com.tm\/index.php?rest_route=\/wp\/v2\/posts\/110785\/revisions"}],"predecessor-version":[{"id":110788,"href":"https:\/\/zamanturkmenistan.com.tm\/index.php?rest_route=\/wp\/v2\/posts\/110785\/revisions\/110788"}],"wp:featuredmedia":[{"embeddable":true,"href":"https:\/\/zamanturkmenistan.com.tm\/index.php?rest_route=\/wp\/v2\/media\/110787"}],"wp:attachment":[{"href":"https:\/\/zamanturkmenistan.com.tm\/index.php?rest_route=%2Fwp%2Fv2%2Fmedia&parent=110785"}],"wp:term":[{"taxonomy":"category","embeddable":true,"href":"https:\/\/zamanturkmenistan.com.tm\/index.php?rest_route=%2Fwp%2Fv2%2Fcategories&post=110785"},{"taxonomy":"post_tag","embeddable":true,"href":"https:\/\/zamanturkmenistan.com.tm\/index.php?rest_route=%2Fwp%2Fv2%2Ftags&post=110785"}],"curies":[{"name":"wp","href":"https:\/\/api.w.org\/{rel}","templated":true}]}}