{"id":110820,"date":"2024-06-29T09:48:08","date_gmt":"2024-06-29T04:48:08","guid":{"rendered":"https:\/\/zamanturkmenistan.com.tm\/?p=110820"},"modified":"2024-06-29T10:49:57","modified_gmt":"2024-06-29T05:49:57","slug":"turkmen-halkynyn-milli-lideri-halkara-ahalteke-atcylyk-sport-toplumyna-bardy","status":"publish","type":"post","link":"https:\/\/zamanturkmenistan.com.tm\/?p=110820","title":{"rendered":"T\u00fcrkmen halkyny\u0148 Milli Lideri Halkara ahalteke at\u00e7ylyk sport toplumyna bardy"},"content":{"rendered":"<p>28-nji i\u00fdunda t\u00fcrkmen halkyny\u0148 Milli Lideri, T\u00fcrkmenistany\u0148 Halk Maslahatyny\u0148 Ba\u015flygy, Hormatly il \u00fda\u015fulusy Gurbanguly Berdimuhamedow K\u00f6petdagy\u0148 etegind\u00e4ki g\u00f6zel k\u00fcnjekleri\u0148 birinde \u00fderle\u015f\u00fd\u00e4n Arkadag \u015f\u00e4herini\u0148 \u00e7\u00e4gind\u00e4ki Halkara ahalteke at\u00e7ylyk sport toplumyna bardy. Gahryman Arkadagymyz bu \u00fderde \u201cIrden tur-da, ata\u0148y g\u00f6r, ata\u0148dan so\u0148 \u2014 aty\u0148y\u201d di\u00fden pa\u00fdhasa e\u00fderip, toplumda idedil\u00fd\u00e4n bedewleri\u0148 \u00fdagda\u00fdlary bilen gyzyklandy.<br \/>\nIr s\u00e4her bilen hormatly Arkadagymyz t\u00e4ze \u015f\u00e4heri\u0148 \u00e7\u00e4gind\u00e4ki Halkara ahalteke at\u00e7ylyk sport toplumyna geldi. Bu \u00fderde t\u00fcrkmen halkyny\u0148 Milli Lideri, T\u00fcrkmenistany\u0148 Halk Maslahatyny\u0148 Ba\u015flygy toplumy\u0148 athanasynda idedil\u00fd\u00e4n Hanbeg atly mele bedew bilen didarla\u015fdy.<br \/>\nBu \u00fderde ahalteke bedewlerine a\u00fdratyn gadyr go\u00fd\u00fdan ussat at\u015fynas Arkadagymyz Hanbeg atly ata atlanyp, birsellem \u00fd\u00f6ri\u015f etdi.<br \/>\nArkadag \u015f\u00e4herini\u0148 \u00e7\u00e4ginde t\u00e4ze athana toplumyny\u0148 gurulmagy, bu \u00fderde Aba Anna\u00fdew adyndaky Halkara at\u00e7ylyk akademi\u00fdasyny\u0148, G\u00f6rogly adyndaky d\u00f6wlet at\u00e7ylyk sirkini\u0148, At\u00e7ylyk ylmy-\u00f6n\u00fcm\u00e7ilik merkezini\u0148 hereket etmegi, d\u00fcn\u00fd\u00e4 derejesinde bina edilen Halkara ahalteke at\u00e7ylyk sport toplumyny\u0148 bolmagy milli at\u015fynaslyk \u00fd\u00f6relgelerini\u0148 hemmetarapla\u00fdyn, ylmy esasda \u00f6sd\u00fcril\u00fd\u00e4ndigini\u0148 a\u00fddy\u0148 g\u00fcw\u00e4sidir. So\u0148ky \u00fdyllarda bu k\u00fcnjekde Milli Liderimizi\u0148 ba\u015flangyjy bo\u00fdun\u00e7a at\u00e7ylyk pudagyny\u0148 \u00f6sd\u00fcrilmeginde m\u00f6h\u00fcm \u00e4hmi\u00fdeti bolan birn\u00e4\u00e7e desgalar toplumy bina edildi. Aba Anna\u00fdew adyndaky \u015f\u00e4her\u00e7ede at\u015fynaslara ni\u00fdetlenen kottejler toplumy t\u00e4ze \u015f\u00e4heri\u0148 binag\u00e4rlik ke\u015fbi we bu k\u00fcnjegi\u0148 tebigy a\u00fdratynlyklary bilen bir bitewi sazla\u015fygy emele getir\u00fd\u00e4r.<\/p>\n","protected":false},"excerpt":{"rendered":"<p>28-nji i\u00fdunda t\u00fcrkmen halkyny\u0148 Milli Lideri, T\u00fcrkmenistany\u0148 Halk Maslahatyny\u0148 Ba\u015flygy, Hormatly il \u00fda\u015fulusy Gurbanguly Berdimuhamedow K\u00f6petdagy\u0148 etegind\u00e4ki g\u00f6zel k\u00fcnjekleri\u0148 birinde \u00fderle\u015f\u00fd\u00e4n Arkadag \u015f\u00e4herini\u0148 \u00e7\u00e4gind\u00e4ki Halkara ahalteke at\u00e7ylyk sport toplumyna bardy. Gahryman Arkadagymyz bu \u00fderde \u201cIrden tur-da, ata\u0148y g\u00f6r, ata\u0148dan so\u0148 \u2014 aty\u0148y\u201d di\u00fden pa\u00fdhasa e\u00fderip, toplumda idedil\u00fd\u00e4n bedewleri\u0148 \u00fdagda\u00fdlary bilen gyzyklandy. Ir s\u00e4her bilen hormatly [&hellip;]<\/p>\n","protected":false},"author":2,"featured_media":110821,"comment_status":"open","ping_status":"closed","sticky":false,"template":"","format":"standard","meta":{"footnotes":""},"categories":[3],"tags":[],"acf":[],"_links":{"self":[{"href":"https:\/\/zamanturkmenistan.com.tm\/index.php?rest_route=\/wp\/v2\/posts\/110820"}],"collection":[{"href":"https:\/\/zamanturkmenistan.com.tm\/index.php?rest_route=\/wp\/v2\/posts"}],"about":[{"href":"https:\/\/zamanturkmenistan.com.tm\/index.php?rest_route=\/wp\/v2\/types\/post"}],"author":[{"embeddable":true,"href":"https:\/\/zamanturkmenistan.com.tm\/index.php?rest_route=\/wp\/v2\/users\/2"}],"replies":[{"embeddable":true,"href":"https:\/\/zamanturkmenistan.com.tm\/index.php?rest_route=%2Fwp%2Fv2%2Fcomments&post=110820"}],"version-history":[{"count":1,"href":"https:\/\/zamanturkmenistan.com.tm\/index.php?rest_route=\/wp\/v2\/posts\/110820\/revisions"}],"predecessor-version":[{"id":110822,"href":"https:\/\/zamanturkmenistan.com.tm\/index.php?rest_route=\/wp\/v2\/posts\/110820\/revisions\/110822"}],"wp:featuredmedia":[{"embeddable":true,"href":"https:\/\/zamanturkmenistan.com.tm\/index.php?rest_route=\/wp\/v2\/media\/110821"}],"wp:attachment":[{"href":"https:\/\/zamanturkmenistan.com.tm\/index.php?rest_route=%2Fwp%2Fv2%2Fmedia&parent=110820"}],"wp:term":[{"taxonomy":"category","embeddable":true,"href":"https:\/\/zamanturkmenistan.com.tm\/index.php?rest_route=%2Fwp%2Fv2%2Fcategories&post=110820"},{"taxonomy":"post_tag","embeddable":true,"href":"https:\/\/zamanturkmenistan.com.tm\/index.php?rest_route=%2Fwp%2Fv2%2Ftags&post=110820"}],"curies":[{"name":"wp","href":"https:\/\/api.w.org\/{rel}","templated":true}]}}