{"id":110925,"date":"2024-06-29T12:50:47","date_gmt":"2024-06-29T07:50:47","guid":{"rendered":"https:\/\/zamanturkmenistan.com.tm\/?p=110925"},"modified":"2024-06-29T12:50:47","modified_gmt":"2024-06-29T07:50:47","slug":"dasary-isler-ministrinin-orunbasary-yunisef-in-turkmenistandaky-wekilhanasynyn-taze-yolbascysy-bilen-dususdy","status":"publish","type":"post","link":"https:\/\/zamanturkmenistan.com.tm\/?p=110925","title":{"rendered":"Da\u015fary i\u015fler ministrini\u0148 orunbasary \u00ddUNISEF-i\u0148 T\u00fcrkmenistandaky wekilhanasyny\u0148 t\u00e4ze \u00fdolba\u015f\u00e7ysy bilen du\u015fu\u015fdy"},"content":{"rendered":"<p>28-nji i\u00fdunda T\u00fcrkmenistany\u0148 Da\u015fary i\u015fler ministrini\u0148 orunbasary M\u00e4hri B\u00e4\u015fimowany\u0148 BMG-ni\u0148 \u00c7agalar gaznasyny\u0148 (\u00ddUNISEF) T\u00fcrkmenistandaky wekilhanasyny\u0148 t\u00e4ze \u00fdolba\u015f\u00e7ysy Jalpa Ratna bilen du\u015fu\u015fygy ge\u00e7irildi.<br \/>\nS\u00f6hbetde\u015fligi\u0148 ba\u015fynda myhmany \u00ddUNISEF-i\u0148 T\u00fcrkmenistandaky wekilhanasyny\u0148 \u00fdolba\u015f\u00e7ysy wezipesine bellenilmegi bilen gutlap, M.B\u00e4\u015fimowa o\u0148a \u00fdurdumyzy\u0148 bu halkara d\u00fcz\u00fcmi bilen hyzmatda\u015flygyny\u0148 \u00f6sd\u00fcrilmegine g\u00f6n\u00fckdirilen i\u015finde \u00fcst\u00fcnlikleri we t\u00e4ze sepgitleri arzuw etdi.<br \/>\nDu\u015fu\u015fygy\u0148 dowamynda diplomatlar T\u00fcrkmenistan bilen BMG-ni\u0148 \u00c7agalar gaznasyny\u0148 arasyndaky hyzmatda\u015flygy\u0148 \u00fdokary derejesini bell\u00e4p, bu hyzmatda\u015flygy mundan be\u00fdl\u00e4k hem \u00f6sd\u00fcrm\u00e4ge ylala\u015fdylar.<br \/>\n2021-2025-nji \u00fdyllar \u00fc\u00e7in T\u00fcrkmenistanda \u00ddUNISEF-i\u0148 \u00ddurt bo\u00fdun\u00e7a maksatnamasyny\u0148 durmu\u015fa ge\u00e7irili\u015fi bilen bagly meseleler bo\u00fdun\u00e7a pikir al\u015fyldy, bu resminamada \u00e7agalary\u0148 b\u00e4hbidi \u00fc\u00e7in dolandyry\u015f, \u00e7agany\u0148 saglygy, onu\u0148 i\u00fdmitlenmegi we irki \u00f6s\u00fc\u015fi, \u00e7agalary\u0148 durmu\u015f goraglylygy we \u00fdokary hilli inkl\u00fduziw bilim \u00fdaly meseleler ileri tutul\u00fdan ugurlar h\u00f6km\u00fcnde kesgitlenilen.<br \/>\nTaraplar hyzmatda\u015flygy \u00f6sd\u00fcrmegi\u0148, \u015fertnama-hukuk bin\u00fdadyny k\u00e4mille\u015fdirmegi\u0148 we ileri tutul\u00fdan ugurlarda geljegi uly bilelikd\u00e4ki taslamalary durmu\u015fa ge\u00e7irmegi\u0148 \u00fdollaryna garadylar.<br \/>\n\u00ddUNISEF-i\u0148 T\u00fcrkmenistandaky wekilhanasyny\u0148 \u00fdolba\u015f\u00e7ysy \u00f6zara gyzyklanma bildiril\u00fd\u00e4n \u00e4hli ugurlar bo\u00fdun\u00e7a netijeli gatna\u015fyklary mundan be\u00fdl\u00e4k-de \u00f6sd\u00fcrmek babatda \u00e4hli tagallalary etm\u00e4ge ta\u00fd\u00fdardygyny belledi.<\/p>\n","protected":false},"excerpt":{"rendered":"<p>28-nji i\u00fdunda T\u00fcrkmenistany\u0148 Da\u015fary i\u015fler ministrini\u0148 orunbasary M\u00e4hri B\u00e4\u015fimowany\u0148 BMG-ni\u0148 \u00c7agalar gaznasyny\u0148 (\u00ddUNISEF) T\u00fcrkmenistandaky wekilhanasyny\u0148 t\u00e4ze \u00fdolba\u015f\u00e7ysy Jalpa Ratna bilen du\u015fu\u015fygy ge\u00e7irildi. S\u00f6hbetde\u015fligi\u0148 ba\u015fynda myhmany \u00ddUNISEF-i\u0148 T\u00fcrkmenistandaky wekilhanasyny\u0148 \u00fdolba\u015f\u00e7ysy wezipesine bellenilmegi bilen gutlap, M.B\u00e4\u015fimowa o\u0148a \u00fdurdumyzy\u0148 bu halkara d\u00fcz\u00fcmi bilen hyzmatda\u015flygyny\u0148 \u00f6sd\u00fcrilmegine g\u00f6n\u00fckdirilen i\u015finde \u00fcst\u00fcnlikleri we t\u00e4ze sepgitleri arzuw etdi. Du\u015fu\u015fygy\u0148 dowamynda diplomatlar T\u00fcrkmenistan bilen [&hellip;]<\/p>\n","protected":false},"author":2,"featured_media":110926,"comment_status":"open","ping_status":"closed","sticky":false,"template":"","format":"standard","meta":{"footnotes":""},"categories":[3],"tags":[],"_links":{"self":[{"href":"https:\/\/zamanturkmenistan.com.tm\/index.php?rest_route=\/wp\/v2\/posts\/110925"}],"collection":[{"href":"https:\/\/zamanturkmenistan.com.tm\/index.php?rest_route=\/wp\/v2\/posts"}],"about":[{"href":"https:\/\/zamanturkmenistan.com.tm\/index.php?rest_route=\/wp\/v2\/types\/post"}],"author":[{"embeddable":true,"href":"https:\/\/zamanturkmenistan.com.tm\/index.php?rest_route=\/wp\/v2\/users\/2"}],"replies":[{"embeddable":true,"href":"https:\/\/zamanturkmenistan.com.tm\/index.php?rest_route=%2Fwp%2Fv2%2Fcomments&post=110925"}],"version-history":[{"count":1,"href":"https:\/\/zamanturkmenistan.com.tm\/index.php?rest_route=\/wp\/v2\/posts\/110925\/revisions"}],"predecessor-version":[{"id":110927,"href":"https:\/\/zamanturkmenistan.com.tm\/index.php?rest_route=\/wp\/v2\/posts\/110925\/revisions\/110927"}],"wp:featuredmedia":[{"embeddable":true,"href":"https:\/\/zamanturkmenistan.com.tm\/index.php?rest_route=\/wp\/v2\/media\/110926"}],"wp:attachment":[{"href":"https:\/\/zamanturkmenistan.com.tm\/index.php?rest_route=%2Fwp%2Fv2%2Fmedia&parent=110925"}],"wp:term":[{"taxonomy":"category","embeddable":true,"href":"https:\/\/zamanturkmenistan.com.tm\/index.php?rest_route=%2Fwp%2Fv2%2Fcategories&post=110925"},{"taxonomy":"post_tag","embeddable":true,"href":"https:\/\/zamanturkmenistan.com.tm\/index.php?rest_route=%2Fwp%2Fv2%2Ftags&post=110925"}],"curies":[{"name":"wp","href":"https:\/\/api.w.org\/{rel}","templated":true}]}}