{"id":110974,"date":"2024-07-01T10:10:20","date_gmt":"2024-07-01T05:10:20","guid":{"rendered":"https:\/\/zamanturkmenistan.com.tm\/?p=110974"},"modified":"2024-07-01T10:10:20","modified_gmt":"2024-07-01T05:10:20","slug":"turk-sungat-ussatlarynyn-gatnasmagynda-konsert-gecirildi","status":"publish","type":"post","link":"https:\/\/zamanturkmenistan.com.tm\/?p=110974","title":{"rendered":"T\u00fcrk sungat ussatlaryny\u0148 gatna\u015fmagynda konsert ge\u00e7irildi"},"content":{"rendered":"<p>29-njy i\u00fdunda Arkadag \u015f\u00e4herini\u0148 a\u00e7ylmagyny\u0148 bir \u00fdyllygy mynasybetli \u00fdurdumyzy\u0148 we da\u015fary \u00fdurtlary\u0148 sungat ussatlaryny\u0148 konserti boldy.<br \/>\n\u00abBaky bagty\u0148 a\u00fddymy Siz, Milli Lider Arkadag!\u00bb atly edebi-sazly kompozisi\u00fda konserti\u0148 ba\u015fyny ba\u015flady. Ol \u00fdurdumyzda o\u0148yn \u00f6zgertmeleri\u0148 we t\u00e4ze\u00e7il \u015f\u00e4hergurlu\u015fyk sy\u00fdasatyny\u0148 amala a\u015fyrylmagyna badalga beren Gahryman Arkadagymyzy\u0148 be\u00fdik i\u015flerine bagy\u015flandy. Bu \u00fderde guralan dabarany\u0148 edebi maksatnamasyna a\u00fddymlar we jo\u015fgunly tanslar, artistleri\u0148, d\u00f6redijilik toparlaryny\u0148 sungaty\u0148 d\u00fcrli ugurlary bo\u00fdun\u00e7a \u00fderine \u00fdetiren \u00e7yky\u015flary, milli sungaty\u0148 ba\u00fd d\u00e4plerini, \u00f6zbolu\u015fly \u00f6w\u00fc\u015fginini, \u00e4girt uly m\u00fcmkin\u00e7iliklerini a\u00e7yp g\u00f6rkez\u00fd\u00e4n d\u00f6redijilik \u00e7yky\u015flary girizildi. Konserte gatna\u015fyjylar belent owazlary bilen Arkadag \u015f\u00e4herini\u0148, hormatly Prezidentimizi\u0148 ba\u015ftutanlygynda \u00f6s\u00fc\u015fleri\u0148 belentliklerine tarap ynamly \u00f6\u0148e bar\u00fdan Watanymyzy\u0148 waspyny \u00fdetirdiler. A\u00fddym-sazly kompozisi\u00fdalar Arkadag \u015f\u00e4herini\u0148 g\u00f6zel k\u00fcnjekleri baradaky wideo\u015fekiller bilen utga\u015fdy.<br \/>\nToma\u015fa\u00e7ylar T\u00fcrki\u00fde Respublikasyny\u0148 sungat ussatlaryny\u0148 \u00e7yky\u015fyny uly \u015fowhun bilen gar\u015fyladylar. Olar me\u015fhur estrada we halk a\u00fddymlaryny \u00fderine \u00fdetirdiler. Da\u015fary \u00fdurtlary\u0148 belli a\u00fddymlary esasynda \u00fderine \u00fdetirilen \u201cA\u00fddymlar \u00e7emeni\u201d dostlukly gatna\u015fyklary\u0148 \u00f6zbolu\u015fly senasy bolup \u00fda\u0148landy.<br \/>\n\u00ddurdumyzda \u00fdola go\u00fdlan asylly d\u00e4be g\u00f6r\u00e4, her bir ba\u00fdram\u00e7ylykda d\u00fcn\u00fd\u00e4 me\u015fhur \u201cK\u00fc\u015ftdepdi\u201d tansy \u00fderine \u00fdetiril\u00fd\u00e4r. H\u00e4zirki d\u00f6w\u00fcrde halkymyzy\u0148 medeni mirasyny\u0148 aja\u00fdyp nusgasy bolan gadymy a\u00fddymly tans dessury \u00ddUNESKO-ny\u0148 Adamzady\u0148 maddy d\u00e4l medeni mirasyny\u0148 sanawyna girizilip, d\u00f6wr\u00fc\u0148 ruhy bilen sazla\u015f\u00fdar we many-mazmun ta\u00fddan has-da ba\u00fdla\u015fdyryl\u00fdar. K\u00fc\u015ftdepdini birle\u015fen folklor toparlary \u00fderine \u00fdetirip, \u00f6z ussatlyklaryny g\u00f6rkezdiler.<br \/>\nS\u00f6zi we sazy t\u00fcrkmen halkyny\u0148 Milli Liderine degi\u015fli bolan \u201c\u00d6\u0148e, di\u0148e \u00f6\u0148e, jan Watanym T\u00fcrkmenistan!\u201d atly a\u00fddym ba\u00fdram\u00e7ylyk konsertini\u0148 jemlenmesine \u00f6wr\u00fcldi. Ony dabara gatna\u015fyjylary\u0148 bilelikde \u00fderine \u00fdetirmegi sungat eserini\u0148 \u00e4hmi\u00fdetini we t\u00e4sirliligini has-da artdyrdy. Bu a\u00fddym watans\u00f6\u00fd\u00fcjiligi\u0148, agzybir halkymyza, Gara\u015fsyz, hemi\u015felik Bitarap Watanymyza be\u00fdik bu\u00fdsanjy\u0148 senasyna \u00f6wr\u00fcldi.<br \/>\nArtistleri\u0148 \u00e7yky\u015flarynda halkymyzy\u0148 ba\u00fd medeni mirasy, h\u00e4zirki zaman \u00e4he\u0148leri, Berkarar d\u00f6wleti\u0148 t\u00e4ze e\u00fd\u00fdamyny\u0148 Galkyny\u015fy d\u00f6wr\u00fcni\u0148 \u00fdokary d\u00f6redijilik ruhy \u00f6z be\u00fdanyny tapdy.<\/p>\n","protected":false},"excerpt":{"rendered":"<p>29-njy i\u00fdunda Arkadag \u015f\u00e4herini\u0148 a\u00e7ylmagyny\u0148 bir \u00fdyllygy mynasybetli \u00fdurdumyzy\u0148 we da\u015fary \u00fdurtlary\u0148 sungat ussatlaryny\u0148 konserti boldy. \u00abBaky bagty\u0148 a\u00fddymy Siz, Milli Lider Arkadag!\u00bb atly edebi-sazly kompozisi\u00fda konserti\u0148 ba\u015fyny ba\u015flady. Ol \u00fdurdumyzda o\u0148yn \u00f6zgertmeleri\u0148 we t\u00e4ze\u00e7il \u015f\u00e4hergurlu\u015fyk sy\u00fdasatyny\u0148 amala a\u015fyrylmagyna badalga beren Gahryman Arkadagymyzy\u0148 be\u00fdik i\u015flerine bagy\u015flandy. Bu \u00fderde guralan dabarany\u0148 edebi maksatnamasyna a\u00fddymlar we jo\u015fgunly [&hellip;]<\/p>\n","protected":false},"author":2,"featured_media":110975,"comment_status":"open","ping_status":"closed","sticky":false,"template":"","format":"standard","meta":{"footnotes":""},"categories":[3],"tags":[],"_links":{"self":[{"href":"https:\/\/zamanturkmenistan.com.tm\/index.php?rest_route=\/wp\/v2\/posts\/110974"}],"collection":[{"href":"https:\/\/zamanturkmenistan.com.tm\/index.php?rest_route=\/wp\/v2\/posts"}],"about":[{"href":"https:\/\/zamanturkmenistan.com.tm\/index.php?rest_route=\/wp\/v2\/types\/post"}],"author":[{"embeddable":true,"href":"https:\/\/zamanturkmenistan.com.tm\/index.php?rest_route=\/wp\/v2\/users\/2"}],"replies":[{"embeddable":true,"href":"https:\/\/zamanturkmenistan.com.tm\/index.php?rest_route=%2Fwp%2Fv2%2Fcomments&post=110974"}],"version-history":[{"count":1,"href":"https:\/\/zamanturkmenistan.com.tm\/index.php?rest_route=\/wp\/v2\/posts\/110974\/revisions"}],"predecessor-version":[{"id":110976,"href":"https:\/\/zamanturkmenistan.com.tm\/index.php?rest_route=\/wp\/v2\/posts\/110974\/revisions\/110976"}],"wp:featuredmedia":[{"embeddable":true,"href":"https:\/\/zamanturkmenistan.com.tm\/index.php?rest_route=\/wp\/v2\/media\/110975"}],"wp:attachment":[{"href":"https:\/\/zamanturkmenistan.com.tm\/index.php?rest_route=%2Fwp%2Fv2%2Fmedia&parent=110974"}],"wp:term":[{"taxonomy":"category","embeddable":true,"href":"https:\/\/zamanturkmenistan.com.tm\/index.php?rest_route=%2Fwp%2Fv2%2Fcategories&post=110974"},{"taxonomy":"post_tag","embeddable":true,"href":"https:\/\/zamanturkmenistan.com.tm\/index.php?rest_route=%2Fwp%2Fv2%2Ftags&post=110974"}],"curies":[{"name":"wp","href":"https:\/\/api.w.org\/{rel}","templated":true}]}}