{"id":111164,"date":"2024-07-02T18:54:36","date_gmt":"2024-07-02T13:54:36","guid":{"rendered":"https:\/\/zamanturkmenistan.com.tm\/?p=111164"},"modified":"2024-07-04T20:22:06","modified_gmt":"2024-07-04T15:22:06","slug":"wiktor-orban-kiyewe-bardy","status":"publish","type":"post","link":"https:\/\/zamanturkmenistan.com.tm\/?p=111164","title":{"rendered":"Wiktor Orban Ki\u00fdewe bardy"},"content":{"rendered":"<p>Wengri\u00fdany\u0148 h\u00f6k\u00fcmet ba\u015flygy Wiktor Orban Ukrainany\u0148 pa\u00fdtagty Ki\u00fdewde saparda bolup, \u00fdurdu\u0148 \u00fdolba\u015f\u00e7ysy Wladimir Zelenski\u00fd bilen du\u015fu\u015fdy. Ge\u00e7irilen ikitarapla\u00fdyn geple\u015fiklerden so\u0148ra bilelikd\u00e4ki metbugat \u00fdygnagyny ge\u00e7iren Orban Ukraina bilen ikitarapla\u00fdyn gatna\u015fyklary mundan be\u00fdl\u00e4k hem \u00f6sd\u00fcrmek isle\u00fd\u00e4ndiklerini, Ukrainany\u0148 d\u00f6wrebapla\u015fmagynda Wengri\u00fdany\u0148 orun almak isle\u00fd\u00e4ndigini belledi. Ol has gi\u0148i\u015fle\u00fdin ikitarapla\u00fdyn hyzmatda\u015flyk ylala\u015fygyna hem gol \u00e7ekmek isle\u00fd\u00e4ndiklerini belledi.<br \/>\n\u00d6z gezeginde Wladimir Zelenski\u00fd ge\u00e7irilen geple\u015fikleri\u0148 iki \u00fdurdu\u0148 arasynda geljekde gol \u00e7ekiljek ylala\u015fyga esas d\u00f6redip biljekdigini a\u00fdtdy.<\/p>\n","protected":false},"excerpt":{"rendered":"<p>Wengri\u00fdany\u0148 h\u00f6k\u00fcmet ba\u015flygy Wiktor Orban Ukrainany\u0148 pa\u00fdtagty Ki\u00fdewde saparda bolup, \u00fdurdu\u0148 \u00fdolba\u015f\u00e7ysy Wladimir Zelenski\u00fd bilen du\u015fu\u015fdy. Ge\u00e7irilen ikitarapla\u00fdyn geple\u015fiklerden so\u0148ra bilelikd\u00e4ki metbugat \u00fdygnagyny ge\u00e7iren Orban Ukraina bilen ikitarapla\u00fdyn gatna\u015fyklary mundan be\u00fdl\u00e4k hem \u00f6sd\u00fcrmek isle\u00fd\u00e4ndiklerini, Ukrainany\u0148 d\u00f6wrebapla\u015fmagynda Wengri\u00fdany\u0148 orun almak isle\u00fd\u00e4ndigini belledi. Ol has gi\u0148i\u015fle\u00fdin ikitarapla\u00fdyn hyzmatda\u015flyk ylala\u015fygyna hem gol \u00e7ekmek isle\u00fd\u00e4ndiklerini belledi. \u00d6z gezeginde Wladimir [&hellip;]<\/p>\n","protected":false},"author":2,"featured_media":111165,"comment_status":"open","ping_status":"closed","sticky":false,"template":"","format":"standard","meta":{"footnotes":""},"categories":[5],"tags":[],"acf":[],"_links":{"self":[{"href":"https:\/\/zamanturkmenistan.com.tm\/index.php?rest_route=\/wp\/v2\/posts\/111164"}],"collection":[{"href":"https:\/\/zamanturkmenistan.com.tm\/index.php?rest_route=\/wp\/v2\/posts"}],"about":[{"href":"https:\/\/zamanturkmenistan.com.tm\/index.php?rest_route=\/wp\/v2\/types\/post"}],"author":[{"embeddable":true,"href":"https:\/\/zamanturkmenistan.com.tm\/index.php?rest_route=\/wp\/v2\/users\/2"}],"replies":[{"embeddable":true,"href":"https:\/\/zamanturkmenistan.com.tm\/index.php?rest_route=%2Fwp%2Fv2%2Fcomments&post=111164"}],"version-history":[{"count":1,"href":"https:\/\/zamanturkmenistan.com.tm\/index.php?rest_route=\/wp\/v2\/posts\/111164\/revisions"}],"predecessor-version":[{"id":111166,"href":"https:\/\/zamanturkmenistan.com.tm\/index.php?rest_route=\/wp\/v2\/posts\/111164\/revisions\/111166"}],"wp:featuredmedia":[{"embeddable":true,"href":"https:\/\/zamanturkmenistan.com.tm\/index.php?rest_route=\/wp\/v2\/media\/111165"}],"wp:attachment":[{"href":"https:\/\/zamanturkmenistan.com.tm\/index.php?rest_route=%2Fwp%2Fv2%2Fmedia&parent=111164"}],"wp:term":[{"taxonomy":"category","embeddable":true,"href":"https:\/\/zamanturkmenistan.com.tm\/index.php?rest_route=%2Fwp%2Fv2%2Fcategories&post=111164"},{"taxonomy":"post_tag","embeddable":true,"href":"https:\/\/zamanturkmenistan.com.tm\/index.php?rest_route=%2Fwp%2Fv2%2Ftags&post=111164"}],"curies":[{"name":"wp","href":"https:\/\/api.w.org\/{rel}","templated":true}]}}