{"id":111267,"date":"2024-07-04T11:38:07","date_gmt":"2024-07-04T06:38:07","guid":{"rendered":"https:\/\/zamanturkmenistan.com.tm\/?p=111267"},"modified":"2024-07-04T11:38:07","modified_gmt":"2024-07-04T06:38:07","slug":"pariz-olimpiadasynda-k-pop-aydymcysy-cykys-eder","status":"publish","type":"post","link":"https:\/\/zamanturkmenistan.com.tm\/?p=111267","title":{"rendered":"Pari\u017e Olimpiadasynda \u201cK-pop\u201d a\u00fddym\u00e7ysy \u00e7yky\u015f eder"},"content":{"rendered":"<p>So\u0148ky \u00fdyllarda b\u00fctin d\u00fcn\u00fd\u00e4de \u00fdo\u0148 bolan \u201cK-pop\u201d a\u00fddymy Pari\u017ede ge\u00e7iriljek Olimpi\u00fda o\u00fdunlarynda hem \u00fda\u0148lanar. BTS toparyny\u0148 agzasy Jini\u0148 alaw g\u00f6teriji h\u00f6km\u00fcnde Kore\u00fda Respublikasyna wekil\u00e7ilik eder. 31 \u00fda\u015fly a\u00fddym\u00e7y olimpiadany\u0148 \u00e7\u00e4klerinde ra\u00fdda\u015flygy we parahat\u00e7ylygy \u00fda\u00fdratmak maksady bilen ge\u00e7iril\u00fd\u00e4n alawly \u00fd\u00f6ri\u015flere gatna\u015far.<br \/>\nJini\u0148 gola\u00fdda Watan \u00f6\u0148\u00fcnd\u00e4ki 18 a\u00fdlyk gulluk borjuny berja\u00fd edip gelendigi hem m\u00e4lim edildi. Jin be\u00fdleki alaw g\u00f6terijiler bilen Fransi\u00fdany\u0148 d\u00fcrli \u015f\u00e4herlerind\u00e4ki taryhy \u00fderleri hem a\u00fdlanar.<br \/>\nBTS toparyny\u0148 Jung Kook, V, Jimin, Suga, RM we J-Hope atly be\u00fdleki agzalary h\u00e4zirki wagtda h\u00f6kmany gulluk bor\u00e7laryny \u00fderine \u00fdetir\u00fd\u00e4rler.<\/p>\n","protected":false},"excerpt":{"rendered":"<p>So\u0148ky \u00fdyllarda b\u00fctin d\u00fcn\u00fd\u00e4de \u00fdo\u0148 bolan \u201cK-pop\u201d a\u00fddymy Pari\u017ede ge\u00e7iriljek Olimpi\u00fda o\u00fdunlarynda hem \u00fda\u0148lanar. BTS toparyny\u0148 agzasy Jini\u0148 alaw g\u00f6teriji h\u00f6km\u00fcnde Kore\u00fda Respublikasyna wekil\u00e7ilik eder. 31 \u00fda\u015fly a\u00fddym\u00e7y olimpiadany\u0148 \u00e7\u00e4klerinde ra\u00fdda\u015flygy we parahat\u00e7ylygy \u00fda\u00fdratmak maksady bilen ge\u00e7iril\u00fd\u00e4n alawly \u00fd\u00f6ri\u015flere gatna\u015far. Jini\u0148 gola\u00fdda Watan \u00f6\u0148\u00fcnd\u00e4ki 18 a\u00fdlyk gulluk borjuny berja\u00fd edip gelendigi hem m\u00e4lim edildi. Jin [&hellip;]<\/p>\n","protected":false},"author":2,"featured_media":111268,"comment_status":"open","ping_status":"closed","sticky":false,"template":"","format":"standard","meta":{"footnotes":""},"categories":[5],"tags":[],"acf":[],"_links":{"self":[{"href":"https:\/\/zamanturkmenistan.com.tm\/index.php?rest_route=\/wp\/v2\/posts\/111267"}],"collection":[{"href":"https:\/\/zamanturkmenistan.com.tm\/index.php?rest_route=\/wp\/v2\/posts"}],"about":[{"href":"https:\/\/zamanturkmenistan.com.tm\/index.php?rest_route=\/wp\/v2\/types\/post"}],"author":[{"embeddable":true,"href":"https:\/\/zamanturkmenistan.com.tm\/index.php?rest_route=\/wp\/v2\/users\/2"}],"replies":[{"embeddable":true,"href":"https:\/\/zamanturkmenistan.com.tm\/index.php?rest_route=%2Fwp%2Fv2%2Fcomments&post=111267"}],"version-history":[{"count":1,"href":"https:\/\/zamanturkmenistan.com.tm\/index.php?rest_route=\/wp\/v2\/posts\/111267\/revisions"}],"predecessor-version":[{"id":111269,"href":"https:\/\/zamanturkmenistan.com.tm\/index.php?rest_route=\/wp\/v2\/posts\/111267\/revisions\/111269"}],"wp:featuredmedia":[{"embeddable":true,"href":"https:\/\/zamanturkmenistan.com.tm\/index.php?rest_route=\/wp\/v2\/media\/111268"}],"wp:attachment":[{"href":"https:\/\/zamanturkmenistan.com.tm\/index.php?rest_route=%2Fwp%2Fv2%2Fmedia&parent=111267"}],"wp:term":[{"taxonomy":"category","embeddable":true,"href":"https:\/\/zamanturkmenistan.com.tm\/index.php?rest_route=%2Fwp%2Fv2%2Fcategories&post=111267"},{"taxonomy":"post_tag","embeddable":true,"href":"https:\/\/zamanturkmenistan.com.tm\/index.php?rest_route=%2Fwp%2Fv2%2Ftags&post=111267"}],"curies":[{"name":"wp","href":"https:\/\/api.w.org\/{rel}","templated":true}]}}