{"id":111288,"date":"2024-07-04T12:55:49","date_gmt":"2024-07-04T07:55:49","guid":{"rendered":"https:\/\/zamanturkmenistan.com.tm\/?p=111288"},"modified":"2024-07-04T12:55:49","modified_gmt":"2024-07-04T07:55:49","slug":"muhammet-bin-salman-eyranda-saparda-bolar","status":"publish","type":"post","link":"https:\/\/zamanturkmenistan.com.tm\/?p=111288","title":{"rendered":"Muhammet bin Salman E\u00fdranda saparda bolar"},"content":{"rendered":"<p>E\u00fdrany\u0148 da\u015fary i\u015fler ministrini\u0148 orunbasary Ali Bakiri, Saud Arabystany\u0148 mirasd\u00fc\u015fer \u015eazadasy Muhammed bin Salmany\u0148 E\u00fdrana amala a\u015fyrjak saparyny\u0148 iki \u00fdurdu\u0148 i\u015f me\u00fdilnamasynda bardygyny a\u00fdtdy.<br \/>\nIRNA-ny\u0148 habaryna g\u00f6r\u00e4, Bakiri bu barada Ministrler Kabinetini\u0148 maslahatyndan so\u0148 m\u00e4lim etdi.<br \/>\nMuhammed bin Salmany\u0148 E\u00fdrana saparyny\u0148 iki \u00fdurdu\u0148 i\u015f me\u00fdilnamasyna go\u015fulandygyny we bu mesele bo\u00fdun\u00e7a i\u015fi\u0148 t\u00e4ze h\u00f6k\u00fcmet gurlandan so\u0148 dowam etdiriljekdigini Bakiri s\u00f6z\u00fcni\u0148 \u00fcst\u00fcne go\u015fdy.<br \/>\nE\u00fdranly resmi sapary\u0148 senesini a\u00fdtmady.<\/p>\n","protected":false},"excerpt":{"rendered":"<p>E\u00fdrany\u0148 da\u015fary i\u015fler ministrini\u0148 orunbasary Ali Bakiri, Saud Arabystany\u0148 mirasd\u00fc\u015fer \u015eazadasy Muhammed bin Salmany\u0148 E\u00fdrana amala a\u015fyrjak saparyny\u0148 iki \u00fdurdu\u0148 i\u015f me\u00fdilnamasynda bardygyny a\u00fdtdy. IRNA-ny\u0148 habaryna g\u00f6r\u00e4, Bakiri bu barada Ministrler Kabinetini\u0148 maslahatyndan so\u0148 m\u00e4lim etdi. Muhammed bin Salmany\u0148 E\u00fdrana saparyny\u0148 iki \u00fdurdu\u0148 i\u015f me\u00fdilnamasyna go\u015fulandygyny we bu mesele bo\u00fdun\u00e7a i\u015fi\u0148 t\u00e4ze h\u00f6k\u00fcmet gurlandan so\u0148 [&hellip;]<\/p>\n","protected":false},"author":2,"featured_media":85443,"comment_status":"open","ping_status":"closed","sticky":false,"template":"","format":"standard","meta":{"footnotes":""},"categories":[5],"tags":[],"acf":[],"_links":{"self":[{"href":"https:\/\/zamanturkmenistan.com.tm\/index.php?rest_route=\/wp\/v2\/posts\/111288"}],"collection":[{"href":"https:\/\/zamanturkmenistan.com.tm\/index.php?rest_route=\/wp\/v2\/posts"}],"about":[{"href":"https:\/\/zamanturkmenistan.com.tm\/index.php?rest_route=\/wp\/v2\/types\/post"}],"author":[{"embeddable":true,"href":"https:\/\/zamanturkmenistan.com.tm\/index.php?rest_route=\/wp\/v2\/users\/2"}],"replies":[{"embeddable":true,"href":"https:\/\/zamanturkmenistan.com.tm\/index.php?rest_route=%2Fwp%2Fv2%2Fcomments&post=111288"}],"version-history":[{"count":1,"href":"https:\/\/zamanturkmenistan.com.tm\/index.php?rest_route=\/wp\/v2\/posts\/111288\/revisions"}],"predecessor-version":[{"id":111289,"href":"https:\/\/zamanturkmenistan.com.tm\/index.php?rest_route=\/wp\/v2\/posts\/111288\/revisions\/111289"}],"wp:featuredmedia":[{"embeddable":true,"href":"https:\/\/zamanturkmenistan.com.tm\/index.php?rest_route=\/wp\/v2\/media\/85443"}],"wp:attachment":[{"href":"https:\/\/zamanturkmenistan.com.tm\/index.php?rest_route=%2Fwp%2Fv2%2Fmedia&parent=111288"}],"wp:term":[{"taxonomy":"category","embeddable":true,"href":"https:\/\/zamanturkmenistan.com.tm\/index.php?rest_route=%2Fwp%2Fv2%2Fcategories&post=111288"},{"taxonomy":"post_tag","embeddable":true,"href":"https:\/\/zamanturkmenistan.com.tm\/index.php?rest_route=%2Fwp%2Fv2%2Ftags&post=111288"}],"curies":[{"name":"wp","href":"https:\/\/api.w.org\/{rel}","templated":true}]}}