{"id":111307,"date":"2024-07-04T16:10:10","date_gmt":"2024-07-04T11:10:10","guid":{"rendered":"https:\/\/zamanturkmenistan.com.tm\/?p=111307"},"modified":"2024-07-04T16:10:10","modified_gmt":"2024-07-04T11:10:10","slug":"turkmenistanyn-halk-maslahatynyn-baslygy-wekiliyet-bastutanlarynyn-shg-gornusindaki-dususygyna-gatnasyar","status":"publish","type":"post","link":"https:\/\/zamanturkmenistan.com.tm\/?p=111307","title":{"rendered":"T\u00fcrkmenistany\u0148 Halk Maslahatyny\u0148 Ba\u015flygy wekili\u00fdet Ba\u015ftutanlaryny\u0148 \u00ab\u015eHG+\u00bb g\u00f6rn\u00fc\u015find\u00e4ki du\u015fu\u015fygyna gatna\u015f\u00fdar"},"content":{"rendered":"<p>\u015eu g\u00fcn As\u00adta\u00adna\u00adda i\u015f sa\u00adpa\u00adry bi\u00adlen bol\u00ad\u00fdan t\u00fcrk\u00admen hal\u00adky\u00adny\u0148 Mil\u00adli Li\u00adde\u00adri, T\u00fcrk\u00adme\u00adnis\u00adta\u00adny\u0148 Halk Mas\u00adla\u00adha\u00adty\u00adny\u0148 Ba\u015f\u00adly\u00adgy Gurbanguly Berdimuhamedow \u015ean\u00adha\u00fd Hyz\u00admat\u00adda\u015f\u00adlyk Gu\u00adra\u00adma\u00adsy\u00adny\u0148 (\u015eHG) Sam\u00admi\u00adti\u00adni\u0148 \u00e7\u00e4k\u00adle\u00adrin\u00adde ge\u00ad\u00e7i\u00adril\u00ad\u00fd\u00e4n we\u00adki\u00adli\u00ad\u00fdet Ba\u015f\u00adtu\u00adtan\u00adla\u00adry\u00adny\u0148 \u00ab\u015eHG+\u00bb g\u00f6r\u00adn\u00fc\u00ad\u015fin\u00add\u00e4\u00adki du\u00ad\u015fu\u00ad\u015fy\u00adga gat\u00adna\u015f\u00ad\u00fdar.<br \/>\nSam\u00admi\u00adte gat\u00adna\u015f\u00admak \u00fc\u00e7in As\u00adta\u00adna \u015eHG-ni\u0148 ag\u00adza d\u00f6w\u00adlet\u00adle\u00adri\u0148 hem-de bu Gu\u00adra\u00adma\u00adny\u0148 syn\u00ad\u00e7y\u00adla\u00adry\u0148 we dia\u00adlog bo\u00ad\u00fdun\u00ad\u00e7a hyz\u00admat\u00adda\u015f\u00adla\u00adry\u0148 de\u00adre\u00adje\u00adsi\u00adne e\u00fde bo\u00adlan \u00fdurt\u00adla\u00adry\u0148 \u00fdol\u00adba\u015f\u00ad\u00e7y\u00adla\u00adry gel\u00addi\u00adler. \u015ee\u00fd\u00adle hem fo\u00adru\u00adma hal\u00adka\u00adra we se\u00adbit gu\u00adra\u00adma\u00adla\u00adry\u00adny\u0148 \u00fdol\u00adba\u015f\u00ad\u00e7y\u00adla\u00adry, \u015fol san\u00adda BMG-ni\u0148 Ba\u015f sek\u00adre\u00adta\u00adry \u00e7a\u00adgy\u00adryl\u00addy.<br \/>\n\u015eHG-ni\u0148 he\u00admi\u00ad\u015fe\u00adlik esas\u00adda he\u00adre\u00adket ed\u00ad\u00fd\u00e4n h\u00f6\u00adk\u00fc\u00adme\u00adta\u00adra hal\u00adka\u00adra gu\u00adra\u00adma\u00adsy\u00addy\u00adgy\u00adny \u00fdat\u00adlad\u00ad\u00fda\u00adrys. Onu\u0148 i\u015fi\u00adni\u0148 esa\u00adsy we\u00adzi\u00adpe\u00adle\u00adri se\u00adbit\u00adde pa\u00adra\u00adhat\u00ad\u00e7y\u00adly\u00adgy, howp\u00adsuz\u00adly\u00adgy we dur\u00adnuk\u00adly\u00adly\u00adgy pug\u00adta\u00adlan\u00addyr\u00admak\u00addan h\u00e4\u00adzir\u00adki d\u00f6w\u00adr\u00fc\u0148 howp\u00adla\u00adry\u00adna hem-de we\u00adhim\u00adle\u00adri\u00adne gar\u00ad\u015fy g\u00f6\u00adre\u015f\u00admek mak\u00adsa\u00addy bi\u00adlen ta\u00adgal\u00adla\u00adla\u00adry bir\u00adle\u015f\u00addir\u00admek\u00adden sy\u00ad\u00fda\u00adsy ul\u00adgam\u00adda o\u0148yn dia\u00adlo\u00adgy, ne\u00adti\u00adje\u00adli s\u00f6w\u00adda-yk\u00addy\u00adsa\u00addy we yl\u00admy-teh\u00adni\u00adki hyz\u00admat\u00adda\u015f\u00adly\u00adgy, me\u00adde\u00adni-yn\u00adsan\u00adper\u00adwer gat\u00adna\u00ad\u015fyk\u00adla\u00adry \u00f6s\u00add\u00fcr\u00admek\u00adden yba\u00adrat\u00addyr. \u015eu \u00fdyl \u015eHG-de Ga\u00adza\u00adgys\u00adtan Res\u00adpub\u00adli\u00adka\u00adsy ba\u015f\u00adlyk\u00adlyk ed\u00ad\u00fd\u00e4r.<\/p>\n","protected":false},"excerpt":{"rendered":"<p>\u015eu g\u00fcn As\u00adta\u00adna\u00adda i\u015f sa\u00adpa\u00adry bi\u00adlen bol\u00ad\u00fdan t\u00fcrk\u00admen hal\u00adky\u00adny\u0148 Mil\u00adli Li\u00adde\u00adri, T\u00fcrk\u00adme\u00adnis\u00adta\u00adny\u0148 Halk Mas\u00adla\u00adha\u00adty\u00adny\u0148 Ba\u015f\u00adly\u00adgy Gurbanguly Berdimuhamedow \u015ean\u00adha\u00fd Hyz\u00admat\u00adda\u015f\u00adlyk Gu\u00adra\u00adma\u00adsy\u00adny\u0148 (\u015eHG) Sam\u00admi\u00adti\u00adni\u0148 \u00e7\u00e4k\u00adle\u00adrin\u00adde ge\u00ad\u00e7i\u00adril\u00ad\u00fd\u00e4n we\u00adki\u00adli\u00ad\u00fdet Ba\u015f\u00adtu\u00adtan\u00adla\u00adry\u00adny\u0148 \u00ab\u015eHG+\u00bb g\u00f6r\u00adn\u00fc\u00ad\u015fin\u00add\u00e4\u00adki du\u00ad\u015fu\u00ad\u015fy\u00adga gat\u00adna\u015f\u00ad\u00fdar. Sam\u00admi\u00adte gat\u00adna\u015f\u00admak \u00fc\u00e7in As\u00adta\u00adna \u015eHG-ni\u0148 ag\u00adza d\u00f6w\u00adlet\u00adle\u00adri\u0148 hem-de bu Gu\u00adra\u00adma\u00adny\u0148 syn\u00ad\u00e7y\u00adla\u00adry\u0148 we dia\u00adlog bo\u00ad\u00fdun\u00ad\u00e7a hyz\u00admat\u00adda\u015f\u00adla\u00adry\u0148 de\u00adre\u00adje\u00adsi\u00adne e\u00fde bo\u00adlan \u00fdurt\u00adla\u00adry\u0148 \u00fdol\u00adba\u015f\u00ad\u00e7y\u00adla\u00adry gel\u00addi\u00adler. \u015ee\u00fd\u00adle hem fo\u00adru\u00adma hal\u00adka\u00adra [&hellip;]<\/p>\n","protected":false},"author":2,"featured_media":111308,"comment_status":"open","ping_status":"closed","sticky":false,"template":"","format":"standard","meta":{"footnotes":""},"categories":[3],"tags":[],"acf":[],"_links":{"self":[{"href":"https:\/\/zamanturkmenistan.com.tm\/index.php?rest_route=\/wp\/v2\/posts\/111307"}],"collection":[{"href":"https:\/\/zamanturkmenistan.com.tm\/index.php?rest_route=\/wp\/v2\/posts"}],"about":[{"href":"https:\/\/zamanturkmenistan.com.tm\/index.php?rest_route=\/wp\/v2\/types\/post"}],"author":[{"embeddable":true,"href":"https:\/\/zamanturkmenistan.com.tm\/index.php?rest_route=\/wp\/v2\/users\/2"}],"replies":[{"embeddable":true,"href":"https:\/\/zamanturkmenistan.com.tm\/index.php?rest_route=%2Fwp%2Fv2%2Fcomments&post=111307"}],"version-history":[{"count":1,"href":"https:\/\/zamanturkmenistan.com.tm\/index.php?rest_route=\/wp\/v2\/posts\/111307\/revisions"}],"predecessor-version":[{"id":111309,"href":"https:\/\/zamanturkmenistan.com.tm\/index.php?rest_route=\/wp\/v2\/posts\/111307\/revisions\/111309"}],"wp:featuredmedia":[{"embeddable":true,"href":"https:\/\/zamanturkmenistan.com.tm\/index.php?rest_route=\/wp\/v2\/media\/111308"}],"wp:attachment":[{"href":"https:\/\/zamanturkmenistan.com.tm\/index.php?rest_route=%2Fwp%2Fv2%2Fmedia&parent=111307"}],"wp:term":[{"taxonomy":"category","embeddable":true,"href":"https:\/\/zamanturkmenistan.com.tm\/index.php?rest_route=%2Fwp%2Fv2%2Fcategories&post=111307"},{"taxonomy":"post_tag","embeddable":true,"href":"https:\/\/zamanturkmenistan.com.tm\/index.php?rest_route=%2Fwp%2Fv2%2Ftags&post=111307"}],"curies":[{"name":"wp","href":"https:\/\/api.w.org\/{rel}","templated":true}]}}