{"id":111338,"date":"2024-07-04T17:01:26","date_gmt":"2024-07-04T12:01:26","guid":{"rendered":"https:\/\/zamanturkmenistan.com.tm\/?p=111338"},"modified":"2024-07-04T17:01:26","modified_gmt":"2024-07-04T12:01:26","slug":"turkmenistanyn-bmg-nin-zenewadaky-edarasynyn-yanyndaky-hemiselik-wekili-wipo-nyn-bas-direktory-bilen-dususdy","status":"publish","type":"post","link":"https:\/\/zamanturkmenistan.com.tm\/?p=111338","title":{"rendered":"T\u00fcrkmenistany\u0148 BMG-ni\u0148 \u017denewadaky edarasyny\u0148 \u00fdanyndaky Hemi\u015felik wekili WIPO-ny\u0148 Ba\u015f direktory bilen du\u015fu\u015fdy"},"content":{"rendered":"<p>2-nji i\u00fdulda T\u00fcrkmenistany\u0148 BMG-ni\u0148 \u017denewadaky edarasyny\u0148 (UNOG) \u00fdanyndaky Hemi\u015felik wekili W.Haji\u00fdew bilen B\u00fctind\u00fcn\u00fd\u00e4 intellektual e\u00fde\u00e7ilik guramasyny\u0148 (WIPO) Ba\u015f direktory Daren Tangy\u0148 arasynda du\u015fu\u015fyk ge\u00e7irildi.<br \/>\nDu\u015fu\u015fygy\u0148 dowamynda T\u00fcrkmenistan bilen WIPO-ny\u0148 arasyndaky hyzmatda\u015flygy\u0148 h\u00e4zirki \u00fdagda\u00fdy ara alnyp maslahatla\u015fyldy, \u015fe\u00fdle hem ikitarapla\u00fdyn hyzmatda\u015flygy mundan be\u00fdl\u00e4k-de \u00f6sd\u00fcrmek maksady bilen geljegi uly ugurlar kesgitlenildi.<br \/>\nHususan-da, intellektual e\u00fde\u00e7ilik pudagyna degi\u015fli T\u00fcrkmenistandan h\u00fcn\u00e4rmenleri ta\u00fd\u00fdarlamakda, bu ugurda bilelikd\u00e4ki taslamalary durmu\u015fa ge\u00e7irmekde, \u015fe\u00fdle hem T\u00fcrkmenistany\u0148 BSG-\u00e4 girmegini\u0148 \u00e7\u00e4klerinde tehniki k\u00f6megi bermekde \u00f6zara gatna\u015fyklary i\u015fje\u0148le\u015fdirmegi\u0148 m\u00fcmkin\u00e7ilikleri bellenildi.<\/p>\n","protected":false},"excerpt":{"rendered":"<p>2-nji i\u00fdulda T\u00fcrkmenistany\u0148 BMG-ni\u0148 \u017denewadaky edarasyny\u0148 (UNOG) \u00fdanyndaky Hemi\u015felik wekili W.Haji\u00fdew bilen B\u00fctind\u00fcn\u00fd\u00e4 intellektual e\u00fde\u00e7ilik guramasyny\u0148 (WIPO) Ba\u015f direktory Daren Tangy\u0148 arasynda du\u015fu\u015fyk ge\u00e7irildi. Du\u015fu\u015fygy\u0148 dowamynda T\u00fcrkmenistan bilen WIPO-ny\u0148 arasyndaky hyzmatda\u015flygy\u0148 h\u00e4zirki \u00fdagda\u00fdy ara alnyp maslahatla\u015fyldy, \u015fe\u00fdle hem ikitarapla\u00fdyn hyzmatda\u015flygy mundan be\u00fdl\u00e4k-de \u00f6sd\u00fcrmek maksady bilen geljegi uly ugurlar kesgitlenildi. Hususan-da, intellektual e\u00fde\u00e7ilik pudagyna degi\u015fli T\u00fcrkmenistandan [&hellip;]<\/p>\n","protected":false},"author":2,"featured_media":111339,"comment_status":"open","ping_status":"closed","sticky":false,"template":"","format":"standard","meta":{"footnotes":""},"categories":[3],"tags":[],"acf":[],"_links":{"self":[{"href":"https:\/\/zamanturkmenistan.com.tm\/index.php?rest_route=\/wp\/v2\/posts\/111338"}],"collection":[{"href":"https:\/\/zamanturkmenistan.com.tm\/index.php?rest_route=\/wp\/v2\/posts"}],"about":[{"href":"https:\/\/zamanturkmenistan.com.tm\/index.php?rest_route=\/wp\/v2\/types\/post"}],"author":[{"embeddable":true,"href":"https:\/\/zamanturkmenistan.com.tm\/index.php?rest_route=\/wp\/v2\/users\/2"}],"replies":[{"embeddable":true,"href":"https:\/\/zamanturkmenistan.com.tm\/index.php?rest_route=%2Fwp%2Fv2%2Fcomments&post=111338"}],"version-history":[{"count":1,"href":"https:\/\/zamanturkmenistan.com.tm\/index.php?rest_route=\/wp\/v2\/posts\/111338\/revisions"}],"predecessor-version":[{"id":111340,"href":"https:\/\/zamanturkmenistan.com.tm\/index.php?rest_route=\/wp\/v2\/posts\/111338\/revisions\/111340"}],"wp:featuredmedia":[{"embeddable":true,"href":"https:\/\/zamanturkmenistan.com.tm\/index.php?rest_route=\/wp\/v2\/media\/111339"}],"wp:attachment":[{"href":"https:\/\/zamanturkmenistan.com.tm\/index.php?rest_route=%2Fwp%2Fv2%2Fmedia&parent=111338"}],"wp:term":[{"taxonomy":"category","embeddable":true,"href":"https:\/\/zamanturkmenistan.com.tm\/index.php?rest_route=%2Fwp%2Fv2%2Fcategories&post=111338"},{"taxonomy":"post_tag","embeddable":true,"href":"https:\/\/zamanturkmenistan.com.tm\/index.php?rest_route=%2Fwp%2Fv2%2Ftags&post=111338"}],"curies":[{"name":"wp","href":"https:\/\/api.w.org\/{rel}","templated":true}]}}