{"id":111628,"date":"2024-07-06T17:46:55","date_gmt":"2024-07-06T12:46:55","guid":{"rendered":"https:\/\/zamanturkmenistan.com.tm\/?p=111628"},"modified":"2024-08-27T11:13:59","modified_gmt":"2024-08-27T06:13:59","slug":"antoniu-guterris-bmg-nin-turkmenistandaky-wekilhanasynyn-taze-binasynyn-acylys-dabarasyna-gatnasdy","status":"publish","type":"post","link":"https:\/\/zamanturkmenistan.com.tm\/?p=111628","title":{"rendered":"Antoniu Guterri\u015f BMG-ni\u0148 T\u00fcrkmenistandaky wekilhanasyny\u0148 t\u00e4ze binasyny\u0148 a\u00e7yly\u015f dabarasyna gatna\u015fdy"},"content":{"rendered":"<p>\u015eu g\u00fcn pa\u00fdtagtymyz A\u015fgabady\u0148 g\u00fcnorta b\u00f6leginde \u00fderle\u015f\u00fd\u00e4n \u201cMirap\u201d binasyny\u0148, \u00fdagny Birle\u015fen Milletler Guramasyny\u0148 T\u00fcrkmenistandaky wekilhanasyny\u0148 t\u00e4ze binasyny\u0148 a\u00e7yly\u015f dabarasy boldy. O\u0148a \u00fdurdumyza resmi sapar bilen Birle\u015fen Milletler Guramasyny\u0148 Ba\u015f sekretary Antoniu Guterri\u015f gatna\u015fdy.<br \/>\nA\u00e7yly\u015f dabarasyna T\u00fcrkmenistany\u0148 Ministrler Kabinetini\u0148 Ba\u015flygyny\u0148 orunbasary, da\u015fary i\u015fler ministri Ra\u015fid Meredow, ministrlikleri\u0148 we pudakla\u00fdyn edaralary\u0148 \u00fdolba\u015f\u00e7ylary, rektorlar, gazet-\u017eurnallary\u0148 redaktorlary, \u015fe\u00fdle hem talyp \u00fda\u015flary gatna\u015fdy.<br \/>\nA\u00e7yly\u015f dabarasy binany\u0148 \u00f6\u0148\u00fcnd\u00e4ki me\u00fddan\u00e7ada T\u00fcrkmenistany\u0148 hem-de BMG-ni\u0148 ba\u00fddaklaryny\u0148 resmi ta\u00fddan flag\u015ftoga galdyrylmagy bilen ba\u015flandy.<br \/>\nSo\u0148ra dabarada \u00e7yky\u015f eden Birle\u015fen Milletler Guramasyny\u0148 Ba\u015f sekretary Antoniu Guterri\u015f T\u00fcrkmenistan bilen BMG-ni\u0148 arasyndaky gatna\u015fyklary\u0148 nusgalyk derejededigini belledi.<br \/>\nT\u00fcrkmenistan bilen uzak \u00fdyllary\u0148 dowamynda netijeli gatna\u015fyklary\u0148 alnyp baryl\u00fdandygyny bell\u00e4n Guterri\u015f geljek \u00fdyly\u0148 T\u00fcrkmenistany\u0148 ba\u015flangyjy bilen \u00ab2025-nji \u00fdyl \u2014 Halkara parahat\u00e7ylyk we ynany\u015fmak \u00fdyly\u00bb di\u00fdlip yglan edilendigini belledi.<\/p>\n<p><img decoding=\"async\" loading=\"lazy\" class=\"aligncenter wp-image-111625 size-full\" src=\"https:\/\/zamanturkmenistan.com.tm\/wp-content\/uploads\/2024\/07\/un-general-secretary-meredov-5X2A7351.jpg\" alt=\"\" width=\"1000\" height=\"667\" srcset=\"https:\/\/zamanturkmenistan.com.tm\/wp-content\/uploads\/2024\/07\/un-general-secretary-meredov-5X2A7351.jpg 1000w, https:\/\/zamanturkmenistan.com.tm\/wp-content\/uploads\/2024\/07\/un-general-secretary-meredov-5X2A7351-300x200.jpg 300w, https:\/\/zamanturkmenistan.com.tm\/wp-content\/uploads\/2024\/07\/un-general-secretary-meredov-5X2A7351-768x512.jpg 768w, https:\/\/zamanturkmenistan.com.tm\/wp-content\/uploads\/2024\/07\/un-general-secretary-meredov-5X2A7351-696x464.jpg 696w, https:\/\/zamanturkmenistan.com.tm\/wp-content\/uploads\/2024\/07\/un-general-secretary-meredov-5X2A7351-630x420.jpg 630w\" sizes=\"(max-width: 1000px) 100vw, 1000px\" \/><br \/>\nT\u00fcrkmenistanda BMG-ni\u0148 Merkezi Azi\u00fda \u00fc\u00e7in \u00f6\u0148\u00fcni aly\u015f diplomati\u00fdasy bo\u00fdun\u00e7a sebit merkezini\u0148 netijeli i\u015f alyp bar\u00fdandygyny bell\u00e4p ge\u00e7en Guterri\u015f, T\u00fcrkmenistan bilen \u00e4hli ugurlarda hyzmatda\u015flygy\u0148 \u00f6sd\u00fcrilmegine goldaw berm\u00e4ge ta\u00fd\u00fdardyklaryny a\u00fdtdy.<br \/>\nOl BMG-ni\u0148 wekilhanasy \u00fc\u00e7in t\u00e4ze binany\u0148 berlendigi \u00fc\u00e7in T\u00fcrkmenistany\u0148 Prezidentine hem-de t\u00fcrkmen halkyny\u0148 Milli Liderine ho\u015fallyk bildirip, BMG-ni\u0148 d\u00fcz\u00fcmlerini\u0148 strategik hyzmatda\u015flygy has-da \u00f6sd\u00fcrmek ugrunda gi\u0148 tagallalar etjekdigini ynandyrdy.<\/p>\n<p><img decoding=\"async\" loading=\"lazy\" class=\"aligncenter wp-image-111624 size-large\" src=\"https:\/\/zamanturkmenistan.com.tm\/wp-content\/uploads\/2024\/07\/antoniu-guterresh-un-office-in-ashgabat-5X2A7381-1024x683.jpg\" alt=\"\" width=\"696\" height=\"464\" srcset=\"https:\/\/zamanturkmenistan.com.tm\/wp-content\/uploads\/2024\/07\/antoniu-guterresh-un-office-in-ashgabat-5X2A7381-1024x683.jpg 1024w, https:\/\/zamanturkmenistan.com.tm\/wp-content\/uploads\/2024\/07\/antoniu-guterresh-un-office-in-ashgabat-5X2A7381-300x200.jpg 300w, https:\/\/zamanturkmenistan.com.tm\/wp-content\/uploads\/2024\/07\/antoniu-guterresh-un-office-in-ashgabat-5X2A7381-768x512.jpg 768w, https:\/\/zamanturkmenistan.com.tm\/wp-content\/uploads\/2024\/07\/antoniu-guterresh-un-office-in-ashgabat-5X2A7381-696x464.jpg 696w, https:\/\/zamanturkmenistan.com.tm\/wp-content\/uploads\/2024\/07\/antoniu-guterresh-un-office-in-ashgabat-5X2A7381-1068x712.jpg 1068w, https:\/\/zamanturkmenistan.com.tm\/wp-content\/uploads\/2024\/07\/antoniu-guterresh-un-office-in-ashgabat-5X2A7381-630x420.jpg 630w, https:\/\/zamanturkmenistan.com.tm\/wp-content\/uploads\/2024\/07\/antoniu-guterresh-un-office-in-ashgabat-5X2A7381.jpg 1200w\" sizes=\"(max-width: 696px) 100vw, 696px\" \/>T\u00fcrkmenistany\u0148 Ministrler Kabinetini\u0148 Ba\u015flygyny\u0148 orunbasary, da\u015fary i\u015fler ministri Ra\u015fid Meredow hem \u00f6z gezeginde T\u00fcrkmenistany\u0148 Prezidentine hem-de t\u00fcrkmen halkyny\u0148 Milli Liderini\u0148 adyndan t\u00e4ze binany\u0148 a\u00e7ylmagy bilen gutlap, T\u00fcrkmenistan bilen BMG-ni\u0148 arasyndaky strategik hyzmatda\u015flygy\u0148 gi\u0148 gerimde \u00f6sd\u00fcril\u00fd\u00e4ndigini belledi.<br \/>\nBirle\u015fen Milletler Guramasyny\u0148 T\u00fcrkmenistandaky wekilhanasyny\u0148 t\u00e4ze binasynda d\u00fcn\u00fd\u00e4ni\u0148 abra\u00fdly halkara guramasyny\u0148 birn\u00e4\u00e7e maksatnamalaryny\u0148 hereket etjekdigi bellenildi.<\/p>\n<p><img decoding=\"async\" loading=\"lazy\" class=\"aligncenter wp-image-111626 size-full\" src=\"https:\/\/zamanturkmenistan.com.tm\/wp-content\/uploads\/2024\/07\/un-general-secretary-in-ashgabat-office-yadygarlik-kitaby-5X2A7423.jpg\" alt=\"\" width=\"850\" height=\"487\" srcset=\"https:\/\/zamanturkmenistan.com.tm\/wp-content\/uploads\/2024\/07\/un-general-secretary-in-ashgabat-office-yadygarlik-kitaby-5X2A7423.jpg 850w, https:\/\/zamanturkmenistan.com.tm\/wp-content\/uploads\/2024\/07\/un-general-secretary-in-ashgabat-office-yadygarlik-kitaby-5X2A7423-300x172.jpg 300w, https:\/\/zamanturkmenistan.com.tm\/wp-content\/uploads\/2024\/07\/un-general-secretary-in-ashgabat-office-yadygarlik-kitaby-5X2A7423-768x440.jpg 768w, https:\/\/zamanturkmenistan.com.tm\/wp-content\/uploads\/2024\/07\/un-general-secretary-in-ashgabat-office-yadygarlik-kitaby-5X2A7423-696x399.jpg 696w, https:\/\/zamanturkmenistan.com.tm\/wp-content\/uploads\/2024\/07\/un-general-secretary-in-ashgabat-office-yadygarlik-kitaby-5X2A7423-733x420.jpg 733w\" sizes=\"(max-width: 850px) 100vw, 850px\" \/><\/p>\n<p>So\u0148ra dabara gatna\u015fyjylar d\u00f6wrebap binany\u0148 i\u00e7ine girdiler. Bu \u00fderde Birle\u015fen Milletler Guramasyny\u0148 Ba\u015f sekretary Hormatly myhmanlar kitabynda \u00fdadyg\u00e4rlik \u00fdazgy galdyrdy. Jenap Antoniu Guterri\u015f mundan ozal, 2017-nji \u00fdylda \u00fdurdumyzda saparda bolupdy.<\/p>\n<p><img decoding=\"async\" loading=\"lazy\" class=\"aligncenter wp-image-111623 size-large\" src=\"https:\/\/zamanturkmenistan.com.tm\/wp-content\/uploads\/2024\/07\/antonio-guterrish-un-ashgabat-office-5X2A7403-1024x683.jpg\" alt=\"\" width=\"696\" height=\"464\" srcset=\"https:\/\/zamanturkmenistan.com.tm\/wp-content\/uploads\/2024\/07\/antonio-guterrish-un-ashgabat-office-5X2A7403-1024x683.jpg 1024w, https:\/\/zamanturkmenistan.com.tm\/wp-content\/uploads\/2024\/07\/antonio-guterrish-un-ashgabat-office-5X2A7403-300x200.jpg 300w, https:\/\/zamanturkmenistan.com.tm\/wp-content\/uploads\/2024\/07\/antonio-guterrish-un-ashgabat-office-5X2A7403-768x512.jpg 768w, https:\/\/zamanturkmenistan.com.tm\/wp-content\/uploads\/2024\/07\/antonio-guterrish-un-ashgabat-office-5X2A7403-696x464.jpg 696w, https:\/\/zamanturkmenistan.com.tm\/wp-content\/uploads\/2024\/07\/antonio-guterrish-un-ashgabat-office-5X2A7403-1068x712.jpg 1068w, https:\/\/zamanturkmenistan.com.tm\/wp-content\/uploads\/2024\/07\/antonio-guterrish-un-ashgabat-office-5X2A7403-630x420.jpg 630w, https:\/\/zamanturkmenistan.com.tm\/wp-content\/uploads\/2024\/07\/antonio-guterrish-un-ashgabat-office-5X2A7403.jpg 1200w\" sizes=\"(max-width: 696px) 100vw, 696px\" \/><\/p>\n","protected":false},"excerpt":{"rendered":"<p>\u015eu g\u00fcn pa\u00fdtagtymyz A\u015fgabady\u0148 g\u00fcnorta b\u00f6leginde \u00fderle\u015f\u00fd\u00e4n \u201cMirap\u201d binasyny\u0148, \u00fdagny Birle\u015fen Milletler Guramasyny\u0148 T\u00fcrkmenistandaky wekilhanasyny\u0148 t\u00e4ze binasyny\u0148 a\u00e7yly\u015f dabarasy boldy. O\u0148a \u00fdurdumyza resmi sapar bilen Birle\u015fen Milletler Guramasyny\u0148 Ba\u015f sekretary Antoniu Guterri\u015f gatna\u015fdy. A\u00e7yly\u015f dabarasyna T\u00fcrkmenistany\u0148 Ministrler Kabinetini\u0148 Ba\u015flygyny\u0148 orunbasary, da\u015fary i\u015fler ministri Ra\u015fid Meredow, ministrlikleri\u0148 we pudakla\u00fdyn edaralary\u0148 \u00fdolba\u015f\u00e7ylary, rektorlar, gazet-\u017eurnallary\u0148 redaktorlary, \u015fe\u00fdle hem [&hellip;]<\/p>\n","protected":false},"author":2,"featured_media":111627,"comment_status":"open","ping_status":"closed","sticky":false,"template":"","format":"standard","meta":{"footnotes":""},"categories":[3],"tags":[3314,9940],"acf":[],"_links":{"self":[{"href":"https:\/\/zamanturkmenistan.com.tm\/index.php?rest_route=\/wp\/v2\/posts\/111628"}],"collection":[{"href":"https:\/\/zamanturkmenistan.com.tm\/index.php?rest_route=\/wp\/v2\/posts"}],"about":[{"href":"https:\/\/zamanturkmenistan.com.tm\/index.php?rest_route=\/wp\/v2\/types\/post"}],"author":[{"embeddable":true,"href":"https:\/\/zamanturkmenistan.com.tm\/index.php?rest_route=\/wp\/v2\/users\/2"}],"replies":[{"embeddable":true,"href":"https:\/\/zamanturkmenistan.com.tm\/index.php?rest_route=%2Fwp%2Fv2%2Fcomments&post=111628"}],"version-history":[{"count":1,"href":"https:\/\/zamanturkmenistan.com.tm\/index.php?rest_route=\/wp\/v2\/posts\/111628\/revisions"}],"predecessor-version":[{"id":111629,"href":"https:\/\/zamanturkmenistan.com.tm\/index.php?rest_route=\/wp\/v2\/posts\/111628\/revisions\/111629"}],"wp:featuredmedia":[{"embeddable":true,"href":"https:\/\/zamanturkmenistan.com.tm\/index.php?rest_route=\/wp\/v2\/media\/111627"}],"wp:attachment":[{"href":"https:\/\/zamanturkmenistan.com.tm\/index.php?rest_route=%2Fwp%2Fv2%2Fmedia&parent=111628"}],"wp:term":[{"taxonomy":"category","embeddable":true,"href":"https:\/\/zamanturkmenistan.com.tm\/index.php?rest_route=%2Fwp%2Fv2%2Fcategories&post=111628"},{"taxonomy":"post_tag","embeddable":true,"href":"https:\/\/zamanturkmenistan.com.tm\/index.php?rest_route=%2Fwp%2Fv2%2Ftags&post=111628"}],"curies":[{"name":"wp","href":"https:\/\/api.w.org\/{rel}","templated":true}]}}