{"id":111813,"date":"2024-07-10T10:33:12","date_gmt":"2024-07-10T05:33:12","guid":{"rendered":"https:\/\/zamanturkmenistan.com.tm\/?p=111813"},"modified":"2024-07-10T10:33:12","modified_gmt":"2024-07-10T05:33:12","slug":"wengriyada-turkmenistanyn-medeniyet-gunleri-we-magtymguly-pyragynyn-heykelinin-acylysy-bolar","status":"publish","type":"post","link":"https:\/\/zamanturkmenistan.com.tm\/wengriyada-turkmenistanyn-medeniyet-gunleri-we-magtymguly-pyragynyn-heykelinin-acylysy-bolar\/","title":{"rendered":"Wengri\u00fdada T\u00fcrkmenistany\u0148 medeni\u00fdet g\u00fcnleri we Magtymguly Pyragyny\u0148 he\u00fdkelini\u0148 a\u00e7yly\u015fy bolar"},"content":{"rendered":"<p>Wenger tarapyny\u0148 \u00e7akylygy bo\u00fdun\u00e7a 7\u201411-nji awgustynda T\u00fcrkmenistany\u0148 wekili\u00fdeti Wengri\u00fdada ge\u00e7iriljek \u00abKurulta\u00fd\u00bb medeni \u00e7\u00e4resine gatna\u015fmak me\u00fdille\u015fdiril\u00fd\u00e4r. Sapary\u0148 \u00e7\u00e4klerinde \u00fdurdumyzy\u0148 Medeni\u00fdet g\u00fcnlerini we bu \u00fdurtda Magtymguly Pyragyny\u0148 he\u00fdkelini\u0148 a\u00e7yly\u015fy bilen bagly dabaraly \u00e7\u00e4releri guramak teklip edil\u00fd\u00e4r. T\u00fcrkmenistan bilen Wengri\u00fda d\u00f6wletini\u0148 dostlukly, \u00f6zara b\u00e4hbitli gatna\u015fyklaryny\u0148 barha ilerle\u00fd\u00e4ndigi g\u00f6rkez\u00fd\u00e4r.<br \/>\n<strong>\u00c7e\u015fme:<\/strong> medeniyet.gov.tm<\/p>\n","protected":false},"excerpt":{"rendered":"<p>Wenger tarapyny\u0148 \u00e7akylygy bo\u00fdun\u00e7a 7\u201411-nji awgustynda T\u00fcrkmenistany\u0148 wekili\u00fdeti Wengri\u00fdada ge\u00e7iriljek \u00abKurulta\u00fd\u00bb medeni \u00e7\u00e4resine gatna\u015fmak me\u00fdille\u015fdiril\u00fd\u00e4r. Sapary\u0148 \u00e7\u00e4klerinde \u00fdurdumyzy\u0148 Medeni\u00fdet g\u00fcnlerini we bu \u00fdurtda Magtymguly Pyragyny\u0148 he\u00fdkelini\u0148 a\u00e7yly\u015fy bilen bagly dabaraly \u00e7\u00e4releri guramak teklip edil\u00fd\u00e4r. T\u00fcrkmenistan bilen Wengri\u00fda d\u00f6wletini\u0148 dostlukly, \u00f6zara b\u00e4hbitli gatna\u015fyklaryny\u0148 barha ilerle\u00fd\u00e4ndigi g\u00f6rkez\u00fd\u00e4r. \u00c7e\u015fme: medeniyet.gov.tm<\/p>\n","protected":false},"author":2,"featured_media":0,"comment_status":"open","ping_status":"closed","sticky":false,"template":"","format":"standard","meta":{"footnotes":""},"categories":[3],"tags":[],"class_list":["post-111813","post","type-post","status-publish","format-standard","hentry","category-habarlar","format-default"],"_links":{"self":[{"href":"https:\/\/zamanturkmenistan.com.tm\/wp-json\/wp\/v2\/posts\/111813","targetHints":{"allow":["GET"]}}],"collection":[{"href":"https:\/\/zamanturkmenistan.com.tm\/wp-json\/wp\/v2\/posts"}],"about":[{"href":"https:\/\/zamanturkmenistan.com.tm\/wp-json\/wp\/v2\/types\/post"}],"author":[{"embeddable":true,"href":"https:\/\/zamanturkmenistan.com.tm\/wp-json\/wp\/v2\/users\/2"}],"replies":[{"embeddable":true,"href":"https:\/\/zamanturkmenistan.com.tm\/wp-json\/wp\/v2\/comments?post=111813"}],"version-history":[{"count":1,"href":"https:\/\/zamanturkmenistan.com.tm\/wp-json\/wp\/v2\/posts\/111813\/revisions"}],"predecessor-version":[{"id":111814,"href":"https:\/\/zamanturkmenistan.com.tm\/wp-json\/wp\/v2\/posts\/111813\/revisions\/111814"}],"wp:attachment":[{"href":"https:\/\/zamanturkmenistan.com.tm\/wp-json\/wp\/v2\/media?parent=111813"}],"wp:term":[{"taxonomy":"category","embeddable":true,"href":"https:\/\/zamanturkmenistan.com.tm\/wp-json\/wp\/v2\/categories?post=111813"},{"taxonomy":"post_tag","embeddable":true,"href":"https:\/\/zamanturkmenistan.com.tm\/wp-json\/wp\/v2\/tags?post=111813"}],"curies":[{"name":"wp","href":"https:\/\/api.w.org\/{rel}","templated":true}]}}