{"id":112079,"date":"2024-07-12T20:33:40","date_gmt":"2024-07-12T15:33:40","guid":{"rendered":"https:\/\/zamanturkmenistan.com.tm\/?p=112079"},"modified":"2024-07-12T20:33:40","modified_gmt":"2024-07-12T15:33:40","slug":"turkmenistanyn-taryhy-yadygarlikleri-world-heritage-journey-onlayn-platformasyna-yerlesdirildi","status":"publish","type":"post","link":"https:\/\/zamanturkmenistan.com.tm\/?p=112079","title":{"rendered":"T\u00fcrkmenistany\u0148 taryhy \u00fdadyg\u00e4rlikleri \u00abWorld Heritage Journey\u00bb onla\u00fdn-platformasyna \u00fderle\u015fdirildi"},"content":{"rendered":"<p>Halkara \u00abWorld Heritage Journey\u00bb onla\u00fdn-platformasynda \u00ab\u00ddewropany\u0148 Merkezi Azi\u00fdadaky medeni miras \u00fdylyny\u0148 halkara taraplary\u00bb atly maksatnama bo\u00fdun\u00e7a \u00dd\u00fcpek \u00fdoly barada \u00fd\u00f6rite b\u00f6l\u00fcm d\u00f6redildi. Bu maksatnama \u00ddewropa Bilele\u015figi tarapyndan mali\u00fdele\u015fdiril\u00fd\u00e4r we Almatydaky \u00ddUNESKO-ny\u0148 Sebitle\u00fdin edarasy tarapyndan 2018-nji \u00fdyldan b\u00e4ri durmu\u015fa ge\u00e7iril\u00fd\u00e4r.<br \/>\n\u00abWorld Heritage Journey\u00bb platformasy islendik adama B\u00fctind\u00fcn\u00fd\u00e4 mirasy we \u00dd\u00fcpek \u00fdoluny\u0148 ugrundaky binag\u00e4rlik \u00fdadyg\u00e4rlikleri bilen tany\u015fmaga m\u00fcmkin\u00e7ilik d\u00f6red\u00fd\u00e4r.<br \/>\nT\u00fcrkmenistan halkara \u00abWorld Heritage Journey\u00bb onla\u00fdn-platformasynda \u00abGadymy\u00fdeti\u0148 we d\u00f6wrebaplygy\u0148 birle\u015f\u00fd\u00e4n \u00fderi\u00bb h\u00f6km\u00fcnde tany\u015fdyryl\u00fdar. O\u0148a T\u00fcrkmenistany\u0148 \u00e7\u00e4ginde \u00fderle\u015f\u00fd\u00e4n \u00abBe\u00fdik \u00dd\u00fcpek \u00fdoluny\u0148\u00bb \u00f6zbolu\u015fly oturymly \u00fderleri we a\u00fdry-a\u00fdry desgalary girizildi: K\u00f6ne\u00fcrgen\u00e7, Zaraw\u015fan-Garagum, Gadymy Merw, Nusa\u00fd we be\u00fdlekiler.<\/p>\n","protected":false},"excerpt":{"rendered":"<p>Halkara \u00abWorld Heritage Journey\u00bb onla\u00fdn-platformasynda \u00ab\u00ddewropany\u0148 Merkezi Azi\u00fdadaky medeni miras \u00fdylyny\u0148 halkara taraplary\u00bb atly maksatnama bo\u00fdun\u00e7a \u00dd\u00fcpek \u00fdoly barada \u00fd\u00f6rite b\u00f6l\u00fcm d\u00f6redildi. Bu maksatnama \u00ddewropa Bilele\u015figi tarapyndan mali\u00fdele\u015fdiril\u00fd\u00e4r we Almatydaky \u00ddUNESKO-ny\u0148 Sebitle\u00fdin edarasy tarapyndan 2018-nji \u00fdyldan b\u00e4ri durmu\u015fa ge\u00e7iril\u00fd\u00e4r. \u00abWorld Heritage Journey\u00bb platformasy islendik adama B\u00fctind\u00fcn\u00fd\u00e4 mirasy we \u00dd\u00fcpek \u00fdoluny\u0148 ugrundaky binag\u00e4rlik \u00fdadyg\u00e4rlikleri bilen tany\u015fmaga [&hellip;]<\/p>\n","protected":false},"author":2,"featured_media":112080,"comment_status":"open","ping_status":"closed","sticky":false,"template":"","format":"standard","meta":{"footnotes":""},"categories":[3],"tags":[],"acf":[],"_links":{"self":[{"href":"https:\/\/zamanturkmenistan.com.tm\/index.php?rest_route=\/wp\/v2\/posts\/112079"}],"collection":[{"href":"https:\/\/zamanturkmenistan.com.tm\/index.php?rest_route=\/wp\/v2\/posts"}],"about":[{"href":"https:\/\/zamanturkmenistan.com.tm\/index.php?rest_route=\/wp\/v2\/types\/post"}],"author":[{"embeddable":true,"href":"https:\/\/zamanturkmenistan.com.tm\/index.php?rest_route=\/wp\/v2\/users\/2"}],"replies":[{"embeddable":true,"href":"https:\/\/zamanturkmenistan.com.tm\/index.php?rest_route=%2Fwp%2Fv2%2Fcomments&post=112079"}],"version-history":[{"count":1,"href":"https:\/\/zamanturkmenistan.com.tm\/index.php?rest_route=\/wp\/v2\/posts\/112079\/revisions"}],"predecessor-version":[{"id":112082,"href":"https:\/\/zamanturkmenistan.com.tm\/index.php?rest_route=\/wp\/v2\/posts\/112079\/revisions\/112082"}],"wp:featuredmedia":[{"embeddable":true,"href":"https:\/\/zamanturkmenistan.com.tm\/index.php?rest_route=\/wp\/v2\/media\/112080"}],"wp:attachment":[{"href":"https:\/\/zamanturkmenistan.com.tm\/index.php?rest_route=%2Fwp%2Fv2%2Fmedia&parent=112079"}],"wp:term":[{"taxonomy":"category","embeddable":true,"href":"https:\/\/zamanturkmenistan.com.tm\/index.php?rest_route=%2Fwp%2Fv2%2Fcategories&post=112079"},{"taxonomy":"post_tag","embeddable":true,"href":"https:\/\/zamanturkmenistan.com.tm\/index.php?rest_route=%2Fwp%2Fv2%2Ftags&post=112079"}],"curies":[{"name":"wp","href":"https:\/\/api.w.org\/{rel}","templated":true}]}}