{"id":112591,"date":"2024-07-17T15:09:16","date_gmt":"2024-07-17T10:09:16","guid":{"rendered":"https:\/\/zamanturkmenistan.com.tm\/?p=112591"},"modified":"2024-07-17T15:09:16","modified_gmt":"2024-07-17T10:09:16","slug":"roberta-metsola-gaytadan-saylandy","status":"publish","type":"post","link":"https:\/\/zamanturkmenistan.com.tm\/?p=112591","title":{"rendered":"Roberta Metsola ga\u00fdtadan sa\u00fdlandy"},"content":{"rendered":"<p>16-njy i\u00fdulda maltaly 45 \u00fda\u015fly sy\u00fdasat\u00e7y Roberta Metsola \u00ddewropa Parlamentini\u0148 ba\u015flyklygyna ga\u00fdtadan sa\u00fdlandy. 6-9-njy i\u00fdun aralygynda \u00ddewropa Bilele\u015figi \u00fdurtlarynda ge\u00e7irlen parlament sa\u00fdlawlaryndan so\u0148 Strasburgda \u00ddewropa Parlamentini\u0148 birinji mejlisi guralyp, onu\u0148 bar\u015fynda t\u00e4ze m\u00f6hlete ba\u015flyk sa\u00fdlandy.<br \/>\n\u00ddewropa Parlamentini\u0148 t\u00e4ze \u00e7agyry\u015fyny\u0148 720 agzasy maltaly sy\u00fdasat\u00e7ysy Roberta Metsolany ga\u00fdtadan ba\u015flyk sa\u00fdlady. Bu wezip\u00e4 Ispani\u00fdadan \u00ddewropa Parlamentini\u0148 agzasy, \u00e7ep\u00e7i \u201cPodemos\u201d parti\u00fdasyny\u0148 agzasy Iren Montero hem dala\u015fg\u00e4rlik etdi. Gizlin g\u00f6rn\u00fc\u015fde ge\u00e7irilen ses beri\u015flikde Metsola 562 ses, Montero bolsa 61 ses aldy.<br \/>\n\u00ddewropa Parlamentini\u0148 \u00fdene-de 2,5 \u00fdyl ba\u015flygy wezipesini e\u00fdelejek Metsola 1979-njy \u00fdylda Maltada d\u00fcn\u00fd\u00e4 indi. 2022-nji \u00fdyly\u0148 \u00fdanwar a\u00fdynda \u00ddewropa Parlamentini\u0148 ba\u015flygy wezipesine sa\u00fdlanan Roberta Metsola tarpa-ta\u00fdyn aradan \u00e7ykan Dawid Sassolini\u0148 \u00fderine ge\u00e7di. \u015ee\u00fdlelikde, ol Strasburgdaky kanun \u00e7ykaryjy edarany\u0148 i\u0148 \u00fda\u015f ba\u015flygy boldy.<\/p>\n","protected":false},"excerpt":{"rendered":"<p>16-njy i\u00fdulda maltaly 45 \u00fda\u015fly sy\u00fdasat\u00e7y Roberta Metsola \u00ddewropa Parlamentini\u0148 ba\u015flyklygyna ga\u00fdtadan sa\u00fdlandy. 6-9-njy i\u00fdun aralygynda \u00ddewropa Bilele\u015figi \u00fdurtlarynda ge\u00e7irlen parlament sa\u00fdlawlaryndan so\u0148 Strasburgda \u00ddewropa Parlamentini\u0148 birinji mejlisi guralyp, onu\u0148 bar\u015fynda t\u00e4ze m\u00f6hlete ba\u015flyk sa\u00fdlandy. \u00ddewropa Parlamentini\u0148 t\u00e4ze \u00e7agyry\u015fyny\u0148 720 agzasy maltaly sy\u00fdasat\u00e7ysy Roberta Metsolany ga\u00fdtadan ba\u015flyk sa\u00fdlady. Bu wezip\u00e4 Ispani\u00fdadan \u00ddewropa Parlamentini\u0148 agzasy, \u00e7ep\u00e7i [&hellip;]<\/p>\n","protected":false},"author":2,"featured_media":112592,"comment_status":"open","ping_status":"closed","sticky":false,"template":"","format":"standard","meta":{"footnotes":""},"categories":[5],"tags":[],"acf":[],"_links":{"self":[{"href":"https:\/\/zamanturkmenistan.com.tm\/index.php?rest_route=\/wp\/v2\/posts\/112591"}],"collection":[{"href":"https:\/\/zamanturkmenistan.com.tm\/index.php?rest_route=\/wp\/v2\/posts"}],"about":[{"href":"https:\/\/zamanturkmenistan.com.tm\/index.php?rest_route=\/wp\/v2\/types\/post"}],"author":[{"embeddable":true,"href":"https:\/\/zamanturkmenistan.com.tm\/index.php?rest_route=\/wp\/v2\/users\/2"}],"replies":[{"embeddable":true,"href":"https:\/\/zamanturkmenistan.com.tm\/index.php?rest_route=%2Fwp%2Fv2%2Fcomments&post=112591"}],"version-history":[{"count":1,"href":"https:\/\/zamanturkmenistan.com.tm\/index.php?rest_route=\/wp\/v2\/posts\/112591\/revisions"}],"predecessor-version":[{"id":112593,"href":"https:\/\/zamanturkmenistan.com.tm\/index.php?rest_route=\/wp\/v2\/posts\/112591\/revisions\/112593"}],"wp:featuredmedia":[{"embeddable":true,"href":"https:\/\/zamanturkmenistan.com.tm\/index.php?rest_route=\/wp\/v2\/media\/112592"}],"wp:attachment":[{"href":"https:\/\/zamanturkmenistan.com.tm\/index.php?rest_route=%2Fwp%2Fv2%2Fmedia&parent=112591"}],"wp:term":[{"taxonomy":"category","embeddable":true,"href":"https:\/\/zamanturkmenistan.com.tm\/index.php?rest_route=%2Fwp%2Fv2%2Fcategories&post=112591"},{"taxonomy":"post_tag","embeddable":true,"href":"https:\/\/zamanturkmenistan.com.tm\/index.php?rest_route=%2Fwp%2Fv2%2Ftags&post=112591"}],"curies":[{"name":"wp","href":"https:\/\/api.w.org\/{rel}","templated":true}]}}