{"id":112939,"date":"2024-07-21T10:57:36","date_gmt":"2024-07-21T05:57:36","guid":{"rendered":"https:\/\/zamanturkmenistan.com.tm\/?p=112939"},"modified":"2024-07-21T11:02:32","modified_gmt":"2024-07-21T06:02:32","slug":"%d0%bf%d1%80%d0%b5%d0%b4%d1%81%d1%82%d0%b0%d0%b2%d0%b8%d1%82%d0%b5%d0%bb%d0%b8-%d1%82%d1%83%d1%80%d0%ba%d0%bc%d0%b5%d0%bd%d0%b8%d1%81%d1%82%d0%b0%d0%bd%d0%b0-%d0%b8-adnoc-%d0%be%d0%b1%d1%81%d1%83","status":"publish","type":"post","link":"https:\/\/zamanturkmenistan.com.tm\/?p=112939","title":{"rendered":"T\u00fcrkmenba\u015fydaky suwuklandyrylan gazy saklamak we \u00fd\u00fckl\u00e4p ibermek \u00fc\u00e7in ni\u00fdetlenen terminaly\u0148 kuwwaty artdyrylar"},"content":{"rendered":"<p>19-njy i\u00fdulda ge\u00e7irilen sanly ulgam arkaly Ministrler Kabinetini\u0148 mejlisinde Ministrler Kabinetini\u0148 Ba\u015flygyny\u0148 orunbasary B.Amanow \u201cT\u00fcrkmennebit\u201d d\u00f6wlet konsernini\u0148 T\u00fcrkmenba\u015fydaky nebiti ga\u00fdtadan i\u015fle\u00fd\u00e4n zawodlar toplumyny\u0148 suwuklandyrylan gazy sakla\u00fdan we \u00fd\u00fckl\u00e4p iber\u00fd\u00e4n desgalaryny\u0148 kuwwatyny artdyrmak bo\u00fdun\u00e7a alnyp baryl\u00fdan i\u015fler barada hasabat berdi. Bellenili\u015fi \u00fdaly, zawodlar toplumy tarapyndan nebiti ga\u00fdtadan i\u015flemegi\u0148 netijesinde, d\u00fcrli g\u00f6rn\u00fc\u015fli nebit \u00f6n\u00fcmleri bilen bir hatarda, suwuklandyrylan gaz hem \u00f6nd\u00fcril\u00fd\u00e4r. Ony saklamak hem-de sarp edijilere \u00fd\u00fckl\u00e4p ibermek \u00fc\u00e7in \u00fd\u00f6rite terminaly\u0148 hyzmatyndan pe\u00fddalanyl\u00fdar. Bu desgalary\u0148 kuwwatyny artdyrmak maksady bilen, T\u00fcrkmenba\u015fydaky nebiti ga\u00fdtadan i\u015fle\u00fd\u00e4n zawodlar toplumyny\u0148 gola\u00fdynda \u00fderle\u015f\u00fd\u00e4n, suwuklandyrylan gazy saklamak we \u00fd\u00fckl\u00e4p ibermek \u00fc\u00e7in ni\u00fdetlenen terminaly gi\u0148eltmek, onu\u0148 kuwwatyny artdyrmak bo\u00fdun\u00e7a zerur i\u015fler alnyp baryl\u00fdar.<br \/>\nHormatly Prezidentimiz hasabaty di\u0148l\u00e4p, \u00fdurdumyzda nebiti ga\u00fdtadan i\u015fle\u00fd\u00e4n desgalary d\u00f6wrebapla\u015fdyrmaga, nebit \u00f6n\u00fcmlerini saklamaga we iberm\u00e4ge ni\u00fdetlenen ulgamlary k\u00e4mille\u015fdirm\u00e4ge uly \u00fcns beril\u00fd\u00e4ndigini belledi. \u015eunu\u0148 bilen baglylykda, T\u00fcrkmenba\u015fydaky nebiti ga\u00fdtadan i\u015fle\u00fd\u00e4n zawodlar toplumynda \u00f6nd\u00fcril\u00fd\u00e4n suwuklandyrylan gazy sakla\u00fdan, \u00fd\u00fckl\u00e4p iber\u00fd\u00e4n desgalary\u0148 kuwwatyny artdyrmagy\u0148 nebitgaz senagatyny has-da \u00f6sd\u00fcrmekde m\u00f6h\u00fcm bolup dur\u00fdandygy nygtaldy. D\u00f6wlet Ba\u015ftutanymyz bu ugurda ta\u00fd\u00fdarlanan teklibi goldap, wise-prem\u00fdere degi\u015fli i\u015fleri ge\u00e7irmegi tab\u015fyrdy.<\/p>\n","protected":false},"excerpt":{"rendered":"<p>19-njy i\u00fdulda ge\u00e7irilen sanly ulgam arkaly Ministrler Kabinetini\u0148 mejlisinde Ministrler Kabinetini\u0148 Ba\u015flygyny\u0148 orunbasary B.Amanow \u201cT\u00fcrkmennebit\u201d d\u00f6wlet konsernini\u0148 T\u00fcrkmenba\u015fydaky nebiti ga\u00fdtadan i\u015fle\u00fd\u00e4n zawodlar toplumyny\u0148 suwuklandyrylan gazy sakla\u00fdan we \u00fd\u00fckl\u00e4p iber\u00fd\u00e4n desgalaryny\u0148 kuwwatyny artdyrmak bo\u00fdun\u00e7a alnyp baryl\u00fdan i\u015fler barada hasabat berdi. Bellenili\u015fi \u00fdaly, zawodlar toplumy tarapyndan nebiti ga\u00fdtadan i\u015flemegi\u0148 netijesinde, d\u00fcrli g\u00f6rn\u00fc\u015fli nebit \u00f6n\u00fcmleri bilen bir hatarda, [&hellip;]<\/p>\n","protected":false},"author":2,"featured_media":112946,"comment_status":"open","ping_status":"closed","sticky":false,"template":"","format":"standard","meta":{"footnotes":""},"categories":[3],"tags":[],"acf":[],"_links":{"self":[{"href":"https:\/\/zamanturkmenistan.com.tm\/index.php?rest_route=\/wp\/v2\/posts\/112939"}],"collection":[{"href":"https:\/\/zamanturkmenistan.com.tm\/index.php?rest_route=\/wp\/v2\/posts"}],"about":[{"href":"https:\/\/zamanturkmenistan.com.tm\/index.php?rest_route=\/wp\/v2\/types\/post"}],"author":[{"embeddable":true,"href":"https:\/\/zamanturkmenistan.com.tm\/index.php?rest_route=\/wp\/v2\/users\/2"}],"replies":[{"embeddable":true,"href":"https:\/\/zamanturkmenistan.com.tm\/index.php?rest_route=%2Fwp%2Fv2%2Fcomments&post=112939"}],"version-history":[{"count":3,"href":"https:\/\/zamanturkmenistan.com.tm\/index.php?rest_route=\/wp\/v2\/posts\/112939\/revisions"}],"predecessor-version":[{"id":112947,"href":"https:\/\/zamanturkmenistan.com.tm\/index.php?rest_route=\/wp\/v2\/posts\/112939\/revisions\/112947"}],"wp:featuredmedia":[{"embeddable":true,"href":"https:\/\/zamanturkmenistan.com.tm\/index.php?rest_route=\/wp\/v2\/media\/112946"}],"wp:attachment":[{"href":"https:\/\/zamanturkmenistan.com.tm\/index.php?rest_route=%2Fwp%2Fv2%2Fmedia&parent=112939"}],"wp:term":[{"taxonomy":"category","embeddable":true,"href":"https:\/\/zamanturkmenistan.com.tm\/index.php?rest_route=%2Fwp%2Fv2%2Fcategories&post=112939"},{"taxonomy":"post_tag","embeddable":true,"href":"https:\/\/zamanturkmenistan.com.tm\/index.php?rest_route=%2Fwp%2Fv2%2Ftags&post=112939"}],"curies":[{"name":"wp","href":"https:\/\/api.w.org\/{rel}","templated":true}]}}