{"id":113152,"date":"2024-07-24T11:37:23","date_gmt":"2024-07-24T06:37:23","guid":{"rendered":"https:\/\/zamanturkmenistan.com.tm\/?p=113152"},"modified":"2024-07-24T11:37:23","modified_gmt":"2024-07-24T06:37:23","slug":"yaponiyada-merkezi-aziyayaponiya-dialogynyn-sammitine-tayyarlyk-gormek-meseleleri-ara-alnyp-maslahatlasyldy","status":"publish","type":"post","link":"https:\/\/zamanturkmenistan.com.tm\/?p=113152","title":{"rendered":"\u00ddaponi\u00fdada \u00abMerkezi Azi\u00fda+\u00ddaponi\u00fda\u00bb Dialogyny\u0148 Sammitine ta\u00fd\u00fdarlyk g\u00f6rmek meseleleri ara alnyp maslahatla\u015fyldy"},"content":{"rendered":"<p>23-nji i\u00fdulda \u00ddaponi\u00fdany\u0148 Da\u015fary i\u015fler ministrligini\u0148 binasynda \u00ddaponi\u00fdany\u0148 Da\u015fary i\u015fler ministri \u00ddoko Kamikawa Tokio \u015f\u00e4herinde Gazagystany\u0148, Gyrgyzystany\u0148, T\u00e4jigistany\u0148, T\u00fcrkmenistany\u0148 we \u00d6zbegistany\u0148 bu \u00fdurtdaky Il\u00e7ileri bilen du\u015fu\u015fyk ge\u00e7irdi.<br \/>\nDu\u015fu\u015fygy\u0148 g\u00fcn tertibine 2024-nji \u00fdyly\u0148 awgustynda Astana \u015f\u00e4herinde ge\u00e7iriljek \u00abMerkezi Azi\u00fda+\u00ddaponi\u00fda\u00bb Dialogyny\u0148 ilkinji Sammitini\u0148 gurama\u00e7ylyk meseleleri girizildi. \u015eunu\u0148 bilen birlikde, taraplar Merkezi Azi\u00fda \u00fdurtlaryny\u0148 we \u00ddaponi\u00fdany\u0148 arasyndaky sy\u00fdasy-diplomatik, s\u00f6wda-ykdysady, medeni-ynsanperwer ugurlar bo\u00fdun\u00e7a \u00f6zara gatna\u015fyklary\u0148 derwa\u00fdys meselelerini ara alyp maslahatla\u015fdylar.<br \/>\nDu\u015fu\u015fyga gatna\u015fyjylary\u0148 umumy pikirine g\u00f6r\u00e4, \u00fdokary derejed\u00e4ki Sammit alty tarapla\u00fdyn hyzmatda\u015flygy mundan be\u00fdl\u00e4k-de \u00f6sd\u00fcrmek \u00fc\u00e7in m\u00f6h\u00fcm itergi berer.<\/p>\n","protected":false},"excerpt":{"rendered":"<p>23-nji i\u00fdulda \u00ddaponi\u00fdany\u0148 Da\u015fary i\u015fler ministrligini\u0148 binasynda \u00ddaponi\u00fdany\u0148 Da\u015fary i\u015fler ministri \u00ddoko Kamikawa Tokio \u015f\u00e4herinde Gazagystany\u0148, Gyrgyzystany\u0148, T\u00e4jigistany\u0148, T\u00fcrkmenistany\u0148 we \u00d6zbegistany\u0148 bu \u00fdurtdaky Il\u00e7ileri bilen du\u015fu\u015fyk ge\u00e7irdi. Du\u015fu\u015fygy\u0148 g\u00fcn tertibine 2024-nji \u00fdyly\u0148 awgustynda Astana \u015f\u00e4herinde ge\u00e7iriljek \u00abMerkezi Azi\u00fda+\u00ddaponi\u00fda\u00bb Dialogyny\u0148 ilkinji Sammitini\u0148 gurama\u00e7ylyk meseleleri girizildi. \u015eunu\u0148 bilen birlikde, taraplar Merkezi Azi\u00fda \u00fdurtlaryny\u0148 we \u00ddaponi\u00fdany\u0148 arasyndaky sy\u00fdasy-diplomatik, [&hellip;]<\/p>\n","protected":false},"author":2,"featured_media":113153,"comment_status":"open","ping_status":"closed","sticky":false,"template":"","format":"standard","meta":{"footnotes":""},"categories":[3],"tags":[],"acf":[],"_links":{"self":[{"href":"https:\/\/zamanturkmenistan.com.tm\/index.php?rest_route=\/wp\/v2\/posts\/113152"}],"collection":[{"href":"https:\/\/zamanturkmenistan.com.tm\/index.php?rest_route=\/wp\/v2\/posts"}],"about":[{"href":"https:\/\/zamanturkmenistan.com.tm\/index.php?rest_route=\/wp\/v2\/types\/post"}],"author":[{"embeddable":true,"href":"https:\/\/zamanturkmenistan.com.tm\/index.php?rest_route=\/wp\/v2\/users\/2"}],"replies":[{"embeddable":true,"href":"https:\/\/zamanturkmenistan.com.tm\/index.php?rest_route=%2Fwp%2Fv2%2Fcomments&post=113152"}],"version-history":[{"count":1,"href":"https:\/\/zamanturkmenistan.com.tm\/index.php?rest_route=\/wp\/v2\/posts\/113152\/revisions"}],"predecessor-version":[{"id":113154,"href":"https:\/\/zamanturkmenistan.com.tm\/index.php?rest_route=\/wp\/v2\/posts\/113152\/revisions\/113154"}],"wp:featuredmedia":[{"embeddable":true,"href":"https:\/\/zamanturkmenistan.com.tm\/index.php?rest_route=\/wp\/v2\/media\/113153"}],"wp:attachment":[{"href":"https:\/\/zamanturkmenistan.com.tm\/index.php?rest_route=%2Fwp%2Fv2%2Fmedia&parent=113152"}],"wp:term":[{"taxonomy":"category","embeddable":true,"href":"https:\/\/zamanturkmenistan.com.tm\/index.php?rest_route=%2Fwp%2Fv2%2Fcategories&post=113152"},{"taxonomy":"post_tag","embeddable":true,"href":"https:\/\/zamanturkmenistan.com.tm\/index.php?rest_route=%2Fwp%2Fv2%2Ftags&post=113152"}],"curies":[{"name":"wp","href":"https:\/\/api.w.org\/{rel}","templated":true}]}}