{"id":113481,"date":"2024-07-27T10:07:55","date_gmt":"2024-07-27T05:07:55","guid":{"rendered":"https:\/\/zamanturkmenistan.com.tm\/?p=113481"},"modified":"2024-07-27T10:07:55","modified_gmt":"2024-07-27T05:07:55","slug":"rasid-meredow-eyranyn-taze-saylanylan-prezidentinin-resmi-wezipa-girismek-dabarasyna-gatnasar","status":"publish","type":"post","link":"https:\/\/zamanturkmenistan.com.tm\/?p=113481","title":{"rendered":"Ra\u015fid Meredow E\u00fdrany\u0148 t\u00e4ze sa\u00fdlanylan Prezidentini\u0148 resmi wezip\u00e4 giri\u015fmek dabarasyna gatna\u015far"},"content":{"rendered":"<p>26-njy i\u00fdulda hormatly Prezidentimiz Serdar Berdimuhamedow sanly ulgam arkaly Ministrler Kabinetini\u0148 nobatdaky mejlisini ge\u00e7irdi.<\/p>\n<p>Hormatly Prezidentimiz mejlisde T\u00fcrkmenistany\u0148 \u00fdakyn hyzmatda\u015f d\u00f6wletlerini\u0148 birini\u0148 hem E\u00fdran Yslam Respublikasy bolup dur\u00fdandygyny belledi. Bizi\u0148 \u00fdurtlarymyz dost-doganlyk gatna\u015fyklaryny alyp bar\u00fdarlar. \u015eunu\u0148 bilen baglylykda, d\u00f6wlet Ba\u015ftutanymyz 30-njy i\u00fdulda E\u00fdran Yslam Respublikasyny\u0148 t\u00e4ze sa\u00fdlanan Prezidentini\u0148 resmi wezip\u00e4 giri\u015fmek dabarasyna gatna\u015fmak \u00fc\u00e7in wise-prem\u00fder, da\u015fary i\u015fler ministri, Ykdysady hyzmatda\u015flyk bo\u00fdun\u00e7a t\u00fcrkmen-e\u00fdran toparyny\u0148 t\u00fcrkmen tarapyny\u0148 ba\u015flygy R.Meredowy E\u00fdran Yslam Respublikasyny\u0148 T\u00e4hran \u015f\u00e4herine gulluk i\u015f saparyna ibermek hakynda Bu\u00fdruga gol \u00e7ekdi.<\/p>\n<p>&nbsp;<\/p>\n","protected":false},"excerpt":{"rendered":"<p>26-njy i\u00fdulda hormatly Prezidentimiz Serdar Berdimuhamedow sanly ulgam arkaly Ministrler Kabinetini\u0148 nobatdaky mejlisini ge\u00e7irdi. Hormatly Prezidentimiz mejlisde T\u00fcrkmenistany\u0148 \u00fdakyn hyzmatda\u015f d\u00f6wletlerini\u0148 birini\u0148 hem E\u00fdran Yslam Respublikasy bolup dur\u00fdandygyny belledi. Bizi\u0148 \u00fdurtlarymyz dost-doganlyk gatna\u015fyklaryny alyp bar\u00fdarlar. \u015eunu\u0148 bilen baglylykda, d\u00f6wlet Ba\u015ftutanymyz 30-njy i\u00fdulda E\u00fdran Yslam Respublikasyny\u0148 t\u00e4ze sa\u00fdlanan Prezidentini\u0148 resmi wezip\u00e4 giri\u015fmek dabarasyna gatna\u015fmak \u00fc\u00e7in wise-prem\u00fder, [&hellip;]<\/p>\n","protected":false},"author":2,"featured_media":113482,"comment_status":"open","ping_status":"closed","sticky":false,"template":"","format":"standard","meta":{"footnotes":""},"categories":[3],"tags":[],"acf":[],"_links":{"self":[{"href":"https:\/\/zamanturkmenistan.com.tm\/index.php?rest_route=\/wp\/v2\/posts\/113481"}],"collection":[{"href":"https:\/\/zamanturkmenistan.com.tm\/index.php?rest_route=\/wp\/v2\/posts"}],"about":[{"href":"https:\/\/zamanturkmenistan.com.tm\/index.php?rest_route=\/wp\/v2\/types\/post"}],"author":[{"embeddable":true,"href":"https:\/\/zamanturkmenistan.com.tm\/index.php?rest_route=\/wp\/v2\/users\/2"}],"replies":[{"embeddable":true,"href":"https:\/\/zamanturkmenistan.com.tm\/index.php?rest_route=%2Fwp%2Fv2%2Fcomments&post=113481"}],"version-history":[{"count":1,"href":"https:\/\/zamanturkmenistan.com.tm\/index.php?rest_route=\/wp\/v2\/posts\/113481\/revisions"}],"predecessor-version":[{"id":113483,"href":"https:\/\/zamanturkmenistan.com.tm\/index.php?rest_route=\/wp\/v2\/posts\/113481\/revisions\/113483"}],"wp:featuredmedia":[{"embeddable":true,"href":"https:\/\/zamanturkmenistan.com.tm\/index.php?rest_route=\/wp\/v2\/media\/113482"}],"wp:attachment":[{"href":"https:\/\/zamanturkmenistan.com.tm\/index.php?rest_route=%2Fwp%2Fv2%2Fmedia&parent=113481"}],"wp:term":[{"taxonomy":"category","embeddable":true,"href":"https:\/\/zamanturkmenistan.com.tm\/index.php?rest_route=%2Fwp%2Fv2%2Fcategories&post=113481"},{"taxonomy":"post_tag","embeddable":true,"href":"https:\/\/zamanturkmenistan.com.tm\/index.php?rest_route=%2Fwp%2Fv2%2Ftags&post=113481"}],"curies":[{"name":"wp","href":"https:\/\/api.w.org\/{rel}","templated":true}]}}