{"id":113486,"date":"2024-07-27T10:12:27","date_gmt":"2024-07-27T05:12:27","guid":{"rendered":"https:\/\/zamanturkmenistan.com.tm\/?p=113486"},"modified":"2024-07-27T10:12:27","modified_gmt":"2024-07-27T05:12:27","slug":"galkynys-gaz-kaninde-gosmaca-gaz-guyulary-gazylar","status":"publish","type":"post","link":"https:\/\/zamanturkmenistan.com.tm\/?p=113486","title":{"rendered":"\u201cGalkyny\u015f\u201d gaz k\u00e4ninde go\u015fma\u00e7a gaz gu\u00fdulary gazylar"},"content":{"rendered":"<p>26-njy i\u00fdulda ge\u00e7irilen sanly ulgam arkaly Ministrler Kabinetini\u0148 mejlisinde Ministrler Kabinetini\u0148 Ba\u015flygyny\u0148 orunbasary B.Amanow \u201cT\u00fcrkmengaz\u201d d\u00f6wlet konsernini\u0148 \u201cGalkyny\u015f\u201d gaz k\u00e4ninde go\u015fma\u00e7a gazylmagy g\u00f6z \u00f6\u0148\u00fcnde tutul\u00fdan gaz gu\u00fdularyny\u0148 gurlu\u015fygyny zerur bolan seri\u015fdeler bilen \u00fcpj\u00fcn etmek bo\u00fdun\u00e7a alnyp baryl\u00fdan i\u015fler barada hasabat berdi. Bellenili\u015fi \u00fdaly, \u201cGalkyny\u015f\u201d gaz k\u00e4ni t\u00fcrkmen tebigy gazyny go\u0148\u015fy we sebit d\u00f6wletlerine b\u00f6kden\u00e7siz ibermekde \u00e7ig mal \u00e7e\u015fmesi bolup hyzmat ed\u00fd\u00e4r. K\u00e4ni \u00f6zle\u015fdirmegi\u0148 birinji tapgyrynda \u00f6n\u00fcm ber\u00fd\u00e4n gaz gu\u00fdularyny\u0148 go\u015fma\u00e7a gu\u00fdularyny burawlamak, \u00f6n\u00fcm\u00e7ilige girizmek me\u00fdille\u015fdiril\u00fd\u00e4r. \u015eunu\u0148 bilen baglylykda, olary\u0148 uzak wagtlap b\u00f6kden\u00e7siz we ygtybarly i\u015flemegini \u00fcpj\u00fcn etmek zerur bolup dur\u00fdar.<br \/>\nHormatly Prezidentimiz hasabaty di\u0148l\u00e4p, \u00abGalkyny\u015f\u00bb gaz k\u00e4ninde go\u015fma\u00e7a gazylmagy g\u00f6z \u00f6\u0148\u00fcnde tutul\u00fdan gaz gu\u00fdularyny\u0148 buraw i\u015flerini \u00fderine \u00fdetirmek \u00fc\u00e7in zerur bolan enjamlary we seri\u015fdeleri satyn almak bo\u00fdun\u00e7a teklibi golda\u00fdandygyny a\u00fdtdy hem-de wise-prem\u00fdere bu babatda birn\u00e4\u00e7e tab\u015fyryklary berdi.<\/p>\n","protected":false},"excerpt":{"rendered":"<p>26-njy i\u00fdulda ge\u00e7irilen sanly ulgam arkaly Ministrler Kabinetini\u0148 mejlisinde Ministrler Kabinetini\u0148 Ba\u015flygyny\u0148 orunbasary B.Amanow \u201cT\u00fcrkmengaz\u201d d\u00f6wlet konsernini\u0148 \u201cGalkyny\u015f\u201d gaz k\u00e4ninde go\u015fma\u00e7a gazylmagy g\u00f6z \u00f6\u0148\u00fcnde tutul\u00fdan gaz gu\u00fdularyny\u0148 gurlu\u015fygyny zerur bolan seri\u015fdeler bilen \u00fcpj\u00fcn etmek bo\u00fdun\u00e7a alnyp baryl\u00fdan i\u015fler barada hasabat berdi. Bellenili\u015fi \u00fdaly, \u201cGalkyny\u015f\u201d gaz k\u00e4ni t\u00fcrkmen tebigy gazyny go\u0148\u015fy we sebit d\u00f6wletlerine b\u00f6kden\u00e7siz ibermekde [&hellip;]<\/p>\n","protected":false},"author":2,"featured_media":112940,"comment_status":"open","ping_status":"closed","sticky":false,"template":"","format":"standard","meta":{"footnotes":""},"categories":[3],"tags":[],"acf":[],"_links":{"self":[{"href":"https:\/\/zamanturkmenistan.com.tm\/index.php?rest_route=\/wp\/v2\/posts\/113486"}],"collection":[{"href":"https:\/\/zamanturkmenistan.com.tm\/index.php?rest_route=\/wp\/v2\/posts"}],"about":[{"href":"https:\/\/zamanturkmenistan.com.tm\/index.php?rest_route=\/wp\/v2\/types\/post"}],"author":[{"embeddable":true,"href":"https:\/\/zamanturkmenistan.com.tm\/index.php?rest_route=\/wp\/v2\/users\/2"}],"replies":[{"embeddable":true,"href":"https:\/\/zamanturkmenistan.com.tm\/index.php?rest_route=%2Fwp%2Fv2%2Fcomments&post=113486"}],"version-history":[{"count":1,"href":"https:\/\/zamanturkmenistan.com.tm\/index.php?rest_route=\/wp\/v2\/posts\/113486\/revisions"}],"predecessor-version":[{"id":113487,"href":"https:\/\/zamanturkmenistan.com.tm\/index.php?rest_route=\/wp\/v2\/posts\/113486\/revisions\/113487"}],"wp:featuredmedia":[{"embeddable":true,"href":"https:\/\/zamanturkmenistan.com.tm\/index.php?rest_route=\/wp\/v2\/media\/112940"}],"wp:attachment":[{"href":"https:\/\/zamanturkmenistan.com.tm\/index.php?rest_route=%2Fwp%2Fv2%2Fmedia&parent=113486"}],"wp:term":[{"taxonomy":"category","embeddable":true,"href":"https:\/\/zamanturkmenistan.com.tm\/index.php?rest_route=%2Fwp%2Fv2%2Fcategories&post=113486"},{"taxonomy":"post_tag","embeddable":true,"href":"https:\/\/zamanturkmenistan.com.tm\/index.php?rest_route=%2Fwp%2Fv2%2Ftags&post=113486"}],"curies":[{"name":"wp","href":"https:\/\/api.w.org\/{rel}","templated":true}]}}