{"id":113488,"date":"2024-07-27T10:13:55","date_gmt":"2024-07-27T05:13:55","guid":{"rendered":"https:\/\/zamanturkmenistan.com.tm\/?p=113488"},"modified":"2024-07-27T10:13:55","modified_gmt":"2024-07-27T05:13:55","slug":"gurlusyk-we-binagarlik-ministrligine-parlak-nesil-hojalyk-jemgyyeti-bilen-sertnama-baglasmaga-ygtyyar-berildi","status":"publish","type":"post","link":"https:\/\/zamanturkmenistan.com.tm\/?p=113488","title":{"rendered":"Gurlu\u015fyk we binag\u00e4rlik ministrligine \u201cParlak nesil\u201d hojalyk jemgy\u00fdeti bilen \u015fertnama bagla\u015fmaga ygty\u00fdar berildi"},"content":{"rendered":"<p>T\u00fcrkmenistanda gurlu\u015fykda nyrh emele getirmegi\u0148 d\u00f6wlet maglumat ulgamyny d\u00f6retmek hem-de gurlu\u015fykda milli \u00e7ykdajy-\u00f6l\u00e7eg bin\u00fdadyny i\u015fl\u00e4p ta\u00fd\u00fdarlamak we nyrh emele getirmek ulgamyny k\u00e4mille\u015fdirmek \u00fc\u00e7in D\u00f6wlet maksatnamasyny \u00fderine \u00fdetirmek maksady bilen, T\u00fcrkmenistany\u0148 Prezidenti Karara gol \u00e7ekdi. Resminama la\u00fdyklykda, Gurlu\u015fyk we binag\u00e4rlik ministrligine \u00e7enlik bahalary hasaplamakda programma \u00fcpj\u00fcn\u00e7iligini has-da \u00fdokarlandyrmak \u00fc\u00e7in \u201cParlak nesil\u201d hojalyk jemgy\u00fdeti bilen \u015fertnama bagla\u015fmaga ygty\u00fdar berildi.<\/p>\n","protected":false},"excerpt":{"rendered":"<p>T\u00fcrkmenistanda gurlu\u015fykda nyrh emele getirmegi\u0148 d\u00f6wlet maglumat ulgamyny d\u00f6retmek hem-de gurlu\u015fykda milli \u00e7ykdajy-\u00f6l\u00e7eg bin\u00fdadyny i\u015fl\u00e4p ta\u00fd\u00fdarlamak we nyrh emele getirmek ulgamyny k\u00e4mille\u015fdirmek \u00fc\u00e7in D\u00f6wlet maksatnamasyny \u00fderine \u00fdetirmek maksady bilen, T\u00fcrkmenistany\u0148 Prezidenti Karara gol \u00e7ekdi. Resminama la\u00fdyklykda, Gurlu\u015fyk we binag\u00e4rlik ministrligine \u00e7enlik bahalary hasaplamakda programma \u00fcpj\u00fcn\u00e7iligini has-da \u00fdokarlandyrmak \u00fc\u00e7in \u201cParlak nesil\u201d hojalyk jemgy\u00fdeti bilen \u015fertnama bagla\u015fmaga [&hellip;]<\/p>\n","protected":false},"author":2,"featured_media":85267,"comment_status":"open","ping_status":"closed","sticky":false,"template":"","format":"standard","meta":{"footnotes":""},"categories":[3],"tags":[],"acf":[],"_links":{"self":[{"href":"https:\/\/zamanturkmenistan.com.tm\/index.php?rest_route=\/wp\/v2\/posts\/113488"}],"collection":[{"href":"https:\/\/zamanturkmenistan.com.tm\/index.php?rest_route=\/wp\/v2\/posts"}],"about":[{"href":"https:\/\/zamanturkmenistan.com.tm\/index.php?rest_route=\/wp\/v2\/types\/post"}],"author":[{"embeddable":true,"href":"https:\/\/zamanturkmenistan.com.tm\/index.php?rest_route=\/wp\/v2\/users\/2"}],"replies":[{"embeddable":true,"href":"https:\/\/zamanturkmenistan.com.tm\/index.php?rest_route=%2Fwp%2Fv2%2Fcomments&post=113488"}],"version-history":[{"count":1,"href":"https:\/\/zamanturkmenistan.com.tm\/index.php?rest_route=\/wp\/v2\/posts\/113488\/revisions"}],"predecessor-version":[{"id":113489,"href":"https:\/\/zamanturkmenistan.com.tm\/index.php?rest_route=\/wp\/v2\/posts\/113488\/revisions\/113489"}],"wp:featuredmedia":[{"embeddable":true,"href":"https:\/\/zamanturkmenistan.com.tm\/index.php?rest_route=\/wp\/v2\/media\/85267"}],"wp:attachment":[{"href":"https:\/\/zamanturkmenistan.com.tm\/index.php?rest_route=%2Fwp%2Fv2%2Fmedia&parent=113488"}],"wp:term":[{"taxonomy":"category","embeddable":true,"href":"https:\/\/zamanturkmenistan.com.tm\/index.php?rest_route=%2Fwp%2Fv2%2Fcategories&post=113488"},{"taxonomy":"post_tag","embeddable":true,"href":"https:\/\/zamanturkmenistan.com.tm\/index.php?rest_route=%2Fwp%2Fv2%2Ftags&post=113488"}],"curies":[{"name":"wp","href":"https:\/\/api.w.org\/{rel}","templated":true}]}}