{"id":113490,"date":"2024-07-27T10:16:27","date_gmt":"2024-07-27T05:16:27","guid":{"rendered":"https:\/\/zamanturkmenistan.com.tm\/?p=113490"},"modified":"2024-07-27T10:16:27","modified_gmt":"2024-07-27T05:16:27","slug":"garassyzlygyn-merjen-daneleri-baslesigi-nowruz-yaylasyndaky-turkmenin-ak-oyi-binasynda-geciriler","status":"publish","type":"post","link":"https:\/\/zamanturkmenistan.com.tm\/?p=113490","title":{"rendered":"\u00abGara\u015fsyzlygy\u0148 merjen d\u00e4neleri\u00bb b\u00e4sle\u015figi \u201cNowruz \u00fda\u00fdlasyndaky\u201d \u201cT\u00fcrkmeni\u0148 ak \u00f6\u00fdi\u201d binasynda ge\u00e7iriler"},"content":{"rendered":"<p>D\u00f6wlet Ba\u015ftutanymyzy\u0148 \u201cEdebi\u00fdat, medeni\u00fdet we sungat i\u015fg\u00e4rlerini\u0148, h\u00f6wesje\u0148 a\u00fddym\u00e7y \u00fda\u015flary\u0148 hem-de zehinli \u00e7agalary\u0148 arasynda T\u00fcrkmenistany\u0148 Prezidentini\u0148 \u201cT\u00fcrkmeni\u0148 Altyn asyry\u201d ba\u00fdragyny almak ugrundaky b\u00e4sle\u015figi yglan etmek hakynda\u201d Kararyna la\u00fdyklykda, zehinli \u00e7agalary\u0148 arasynda yglan edilen \u201cGara\u015fsyzlygy\u0148 merjen d\u00e4neleri\u201d b\u00e4sle\u015figini\u0148 d\u00f6wlet tapgyryny \u015fu \u00fdyly\u0148 sent\u00fdabrynda ge\u00e7irmek me\u00fdille\u015fdiril\u00fd\u00e4r. T\u00fcrkmenistany\u0148 Bilim we Medeni\u00fdet ministrliklerini\u0148 guramagynda b\u00e4sle\u015figi\u0148 etrap, \u015f\u00e4her, wela\u00fdat tapgyrlary gurama\u00e7ylykly ge\u00e7irilip, olara 1011 \u00e7agadan ybarat bolan 64 sany d\u00f6redijilik topary, \u00fda\u015fajyk a\u00fddym\u00e7ylar gatna\u015fdylar. B\u00e4sle\u015figi\u0148 tapgyrlarynda eziz Watanymyzy, aja\u00fdyp d\u00f6wr\u00fcmizi wasp ed\u00fd\u00e4n a\u00fddym-sazlary \u00fdokary ussatlyk bilen \u00fderine \u00fdetirmekde tapawutlanan \u00e7agalary\u0148 21-si, \u00e7agalar tans, a\u00fddym-saz we halk d\u00f6redijilik toparlaryny\u0148 13-si sa\u00fdlanylyp alyndy hem-de jemi 361 \u00e7aga d\u00f6wlet tapgyryna gatna\u015fmaga hukuk gazandy. B\u00e4sle\u015figi\u0148 jemle\u00fdji tapgyryny \u015fu \u00fdyly\u0148 6-njy sent\u00fdabrynda Ahal wela\u00fdatyny\u0148 Ak bugda\u00fd etrabyny\u0148 \u201cNowruz \u00fda\u00fdlasyndaky\u201d \u201cT\u00fcrkmeni\u0148 ak \u00f6\u00fdi\u201d binasynda ge\u00e7irmek me\u00fdille\u015fdiril\u00fd\u00e4r.<br \/>\nBu barada 26-njy i\u00fdulda ge\u00e7irilen sanly ulgam arkaly Ministrler Kabinetini\u0148 mejlisinde Ministrler Kabinetini\u0148 Ba\u015flygyny\u0148 orunbasary B.Orazdurdy\u00fdewa hasabat berdi.<\/p>\n","protected":false},"excerpt":{"rendered":"<p>D\u00f6wlet Ba\u015ftutanymyzy\u0148 \u201cEdebi\u00fdat, medeni\u00fdet we sungat i\u015fg\u00e4rlerini\u0148, h\u00f6wesje\u0148 a\u00fddym\u00e7y \u00fda\u015flary\u0148 hem-de zehinli \u00e7agalary\u0148 arasynda T\u00fcrkmenistany\u0148 Prezidentini\u0148 \u201cT\u00fcrkmeni\u0148 Altyn asyry\u201d ba\u00fdragyny almak ugrundaky b\u00e4sle\u015figi yglan etmek hakynda\u201d Kararyna la\u00fdyklykda, zehinli \u00e7agalary\u0148 arasynda yglan edilen \u201cGara\u015fsyzlygy\u0148 merjen d\u00e4neleri\u201d b\u00e4sle\u015figini\u0148 d\u00f6wlet tapgyryny \u015fu \u00fdyly\u0148 sent\u00fdabrynda ge\u00e7irmek me\u00fdille\u015fdiril\u00fd\u00e4r. T\u00fcrkmenistany\u0148 Bilim we Medeni\u00fdet ministrliklerini\u0148 guramagynda b\u00e4sle\u015figi\u0148 etrap, \u015f\u00e4her, wela\u00fdat tapgyrlary [&hellip;]<\/p>\n","protected":false},"author":2,"featured_media":67926,"comment_status":"open","ping_status":"closed","sticky":false,"template":"","format":"standard","meta":{"footnotes":""},"categories":[3],"tags":[],"acf":[],"_links":{"self":[{"href":"https:\/\/zamanturkmenistan.com.tm\/index.php?rest_route=\/wp\/v2\/posts\/113490"}],"collection":[{"href":"https:\/\/zamanturkmenistan.com.tm\/index.php?rest_route=\/wp\/v2\/posts"}],"about":[{"href":"https:\/\/zamanturkmenistan.com.tm\/index.php?rest_route=\/wp\/v2\/types\/post"}],"author":[{"embeddable":true,"href":"https:\/\/zamanturkmenistan.com.tm\/index.php?rest_route=\/wp\/v2\/users\/2"}],"replies":[{"embeddable":true,"href":"https:\/\/zamanturkmenistan.com.tm\/index.php?rest_route=%2Fwp%2Fv2%2Fcomments&post=113490"}],"version-history":[{"count":1,"href":"https:\/\/zamanturkmenistan.com.tm\/index.php?rest_route=\/wp\/v2\/posts\/113490\/revisions"}],"predecessor-version":[{"id":113491,"href":"https:\/\/zamanturkmenistan.com.tm\/index.php?rest_route=\/wp\/v2\/posts\/113490\/revisions\/113491"}],"wp:featuredmedia":[{"embeddable":true,"href":"https:\/\/zamanturkmenistan.com.tm\/index.php?rest_route=\/wp\/v2\/media\/67926"}],"wp:attachment":[{"href":"https:\/\/zamanturkmenistan.com.tm\/index.php?rest_route=%2Fwp%2Fv2%2Fmedia&parent=113490"}],"wp:term":[{"taxonomy":"category","embeddable":true,"href":"https:\/\/zamanturkmenistan.com.tm\/index.php?rest_route=%2Fwp%2Fv2%2Fcategories&post=113490"},{"taxonomy":"post_tag","embeddable":true,"href":"https:\/\/zamanturkmenistan.com.tm\/index.php?rest_route=%2Fwp%2Fv2%2Ftags&post=113490"}],"curies":[{"name":"wp","href":"https:\/\/api.w.org\/{rel}","templated":true}]}}